{"id":9731,"date":"2026-09-04T21:01:01","date_gmt":"2026-09-04T21:01:01","guid":{"rendered":"https:\/\/politicapatagonica.com\/?p=9731"},"modified":"2026-09-04T23:48:46","modified_gmt":"2026-09-04T23:48:46","slug":"gustavo-melella-gobernador-de-tierra-de-fuego-acompanamos-la-construccion-de-un-frente-politico-que-defienda-nuestra-soberania","status":"publish","type":"post","link":"https:\/\/politicapatagonica.com\/index.php\/2026\/09\/04\/gustavo-melella-gobernador-de-tierra-de-fuego-acompanamos-la-construccion-de-un-frente-politico-que-defienda-nuestra-soberania\/","title":{"rendered":"Gustavo Melella: \u201cAcompa\u00f1amos la construcci\u00f3n de un frente pol\u00edtico que defienda nuestra soberan\u00eda en Malvinas\u201d"},"content":{"rendered":"\n<p>El gobernador de&nbsp;<strong>Tierra del Fuego, Ant\u00e1rtida e Islas del Atl\u00e1ntico Sur<\/strong>,&nbsp;<strong>Gustavo Melella<\/strong>, se manifest\u00f3 p\u00fablicamente tras las repercusiones del mensaje en&nbsp;<strong>cadena nacional<\/strong>&nbsp;pronunciado por el presidente&nbsp;<strong>Javier Milei<\/strong>.<\/p>\n\n\n\n<p>El jefe de Estado afirm\u00f3 que &#8220;las<strong>&nbsp;Malvinas son argentinas<\/strong>, por historia y por derecho&#8221; y que <strong>&#8220;la soberan\u00eda no se negocia, se defiende&#8221;<\/strong>, al tiempo que anunci\u00f3 el impulso a la&nbsp;<strong>Base Naval Integrada<\/strong>, el&nbsp;<strong>endurecimiento de sanciones a empresas petroleras<\/strong>&nbsp;sin autorizaci\u00f3n y la convocatoria a conformar un&nbsp;<strong>frente unificado<\/strong>&nbsp;en defensa de la causa soberana.<\/p>\n\n\n\n<p>Ante la postura expuesta por el&nbsp;<strong>Ejecutivo central<\/strong>,&nbsp;<strong>Melella<\/strong>&nbsp;valor\u00f3 el viraje de la administraci\u00f3n en la estrategia internacional sobre el archipi\u00e9lago y apoy\u00f3 la creaci\u00f3n de un espacio de&nbsp;<strong>coordinaci\u00f3n institucional unificado<\/strong>. Sin embargo, advirti\u00f3 que para llevar a cabo los proyectos de infraestructura estrat\u00e9gicos ser\u00e1 indispensable determinar&nbsp;<strong>partidas presupuestarias claras<\/strong>, fijar&nbsp;<strong>plazos de ejecuci\u00f3n concretos<\/strong>&nbsp;y asegurar una&nbsp;<strong>articulaci\u00f3n directa con la provincia<\/strong>.<\/p>\n\n\n\n<h3>Malvinas<\/h3>\n\n\n\n<p>A trav\u00e9s de un pronunciamiento oficial, el jefe del&nbsp;<strong>Ejecutivo fueguino<\/strong>&nbsp;remarc\u00f3 la importancia de superar las diferencias partidarias para consolidar una pol\u00edtica de Estado: \u201cComo Gobernador de&nbsp;<strong>Tierra del Fuego, Ant\u00e1rtida e Islas del Atl\u00e1ntico Sur<\/strong>, destaco el cambio de posici\u00f3n del&nbsp;<strong>Gobierno nacional<\/strong>&nbsp;respecto de la causa de nuestras&nbsp;<strong>Islas Malvinas<\/strong>. Hay causas que est\u00e1n por encima de cualquier diferencia pol\u00edtica.&nbsp;<strong>Malvinas<\/strong>&nbsp;es una de ellas. Por eso acompa\u00f1amos la construcci\u00f3n de un&nbsp;<strong>frente pol\u00edtico e institucional unido<\/strong>&nbsp;que nos permita pasar de las declaraciones a las&nbsp;<strong>acciones concretas en defensa de nuestra soberan\u00eda<\/strong>\u201c.<\/p>\n\n\n\n<p>Respecto del desarrollo de la&nbsp;<strong>Base Naval Integrada<\/strong>, obra clave para proyectar la presencia argentina hacia la&nbsp;<strong>Ant\u00e1rtida<\/strong>&nbsp;y resguardar los espacios mar\u00edtimos del&nbsp;<strong>Atl\u00e1ntico Sur<\/strong>, el gobernador respald\u00f3 la medida pero plante\u00f3&nbsp;<strong>condiciones operativas indiscutibles<\/strong>. \u201cValoramos la decisi\u00f3n de avanzar con la&nbsp;<strong>Base Naval Integrada<\/strong>. Fortalecer la&nbsp;<strong>presencia argentina en el Atl\u00e1ntico Sur<\/strong>&nbsp;y nuestra&nbsp;<strong>proyecci\u00f3n ant\u00e1rtica<\/strong>&nbsp;reafirma la importancia estrat\u00e9gica de&nbsp;<strong>Tierra del Fuego<\/strong>&nbsp;y nuestra condici\u00f3n de&nbsp;<strong>pa\u00eds bicontinental<\/strong>. Para concretarlo ser\u00e1 indispensable establecer&nbsp;<strong>presupuesto<\/strong>,&nbsp;<strong>plazos<\/strong>&nbsp;y una&nbsp;<strong>articulaci\u00f3n efectiva con la Provincia<\/strong>\u201c, sostuvo&nbsp;<strong>Melella<\/strong>.<\/p>\n\n\n\n<h3>Reclamos<\/h3>\n\n\n\n<p>En el tramo final de su mensaje, el mandatario fueguino solicit\u00f3 profundizar las&nbsp;<strong>acciones diplom\u00e1ticas y jur\u00eddicas<\/strong>&nbsp;en el plano internacional para frenar la&nbsp;<strong>explotaci\u00f3n ilegal de recursos pesqueros e hidrocarbur\u00edferos<\/strong>&nbsp;por parte del&nbsp;<strong>Reino Unido<\/strong>. En ese sentido, exigi\u00f3 la&nbsp;<strong>reactivaci\u00f3n formal del Consejo Nacional de Malvinas<\/strong>&nbsp;para consolidar herramientas normativas de control sobre el territorio insular y la plataforma continental.<\/p>\n\n\n\n<p><strong>Melella<\/strong>&nbsp;concluy\u00f3 su pronunciamiento reafirmando la&nbsp;<strong>continuidad hist\u00f3rica del reclamo soberano<\/strong>&nbsp;y la pertenencia de los archipi\u00e9lagos a la jurisdicci\u00f3n territorial de su provincia: \u201cEste&nbsp;<strong>cambio de posici\u00f3n<\/strong>&nbsp;es algo que&nbsp;<strong>Tierra del Fuego<\/strong>&nbsp;viene reclamando desde hace a\u00f1os. Las&nbsp;<strong>Islas Malvinas<\/strong>,&nbsp;<strong>Georgias del Sur<\/strong>,&nbsp;<strong>S\u00e1ndwich del Sur<\/strong>&nbsp;y sus&nbsp;<strong>espacios mar\u00edtimos circundantes<\/strong>&nbsp;son parte indivisible de nuestro territorio. Las&nbsp;<strong>Malvinas<\/strong>&nbsp;fueron, son y ser\u00e1n&nbsp;<strong>argentinas<\/strong>. Y fueron, son y ser\u00e1n&nbsp;<strong>fueguinas<\/strong>\u201c.<\/p>\n\n\n\n<p><strong>Fuente: laopinionaustral.com.ar<\/strong><\/p>\n","protected":false},"excerpt":{"rendered":"<p>El gobernador de&nbsp;Tierra del Fuego, Ant\u00e1rtida e Islas del Atl\u00e1ntico Sur,&nbsp;Gustavo Melella, se manifest\u00f3 p\u00fablicamente tras las repercusiones del mensaje en&nbsp;cadena nacional&nbsp;pronunciado por el presidente&nbsp;Javier Milei. El jefe de Estado afirm\u00f3 que &#8220;las&nbsp;Malvinas son argentinas, por historia y por derecho&#8221; y que &#8220;la soberan\u00eda no se negocia, se defiende&#8221;, al tiempo que anunci\u00f3 el impulso [&hellip;]<\/p>\n","protected":false},"author":5,"featured_media":9732,"comment_status":"open","ping_status":"open","sticky":false,"template":"","format":"standard","meta":[],"categories":[11],"tags":[],"_links":{"self":[{"href":"https:\/\/politicapatagonica.com\/index.php\/wp-json\/wp\/v2\/posts\/9731"}],"collection":[{"href":"https:\/\/politicapatagonica.com\/index.php\/wp-json\/wp\/v2\/posts"}],"about":[{"href":"https:\/\/politicapatagonica.com\/index.php\/wp-json\/wp\/v2\/types\/post"}],"author":[{"embeddable":true,"href":"https:\/\/politicapatagonica.com\/index.php\/wp-json\/wp\/v2\/users\/5"}],"replies":[{"embeddable":true,"href":"https:\/\/politicapatagonica.com\/index.php\/wp-json\/wp\/v2\/comments?post=9731"}],"version-history":[{"count":3,"href":"https:\/\/politicapatagonica.com\/index.php\/wp-json\/wp\/v2\/posts\/9731\/revisions"}],"predecessor-version":[{"id":9736,"href":"https:\/\/politicapatagonica.com\/index.php\/wp-json\/wp\/v2\/posts\/9731\/revisions\/9736"}],"wp:featuredmedia":[{"embeddable":true,"href":"https:\/\/politicapatagonica.com\/index.php\/wp-json\/wp\/v2\/media\/9732"}],"wp:attachment":[{"href":"https:\/\/politicapatagonica.com\/index.php\/wp-json\/wp\/v2\/media?parent=9731"}],"wp:term":[{"taxonomy":"category","embeddable":true,"href":"https:\/\/politicapatagonica.com\/index.php\/wp-json\/wp\/v2\/categories?post=9731"},{"taxonomy":"post_tag","embeddable":true,"href":"https:\/\/politicapatagonica.com\/index.php\/wp-json\/wp\/v2\/tags?post=9731"}],"curies":[{"name":"wp","href":"https:\/\/api.w.org\/{rel}","templated":true}]}}