{"id":9728,"date":"2026-09-04T20:56:15","date_gmt":"2026-09-04T20:56:15","guid":{"rendered":"https:\/\/politicapatagonica.com\/?p=9728"},"modified":"2026-09-04T23:45:32","modified_gmt":"2026-09-04T23:45:32","slug":"promesas-que-se-cumplen-el-gobierno-provincial-avanza-con-obras-de-infraestructura-vivienda-y-desarrollo-productivo","status":"publish","type":"post","link":"https:\/\/politicapatagonica.com\/index.php\/2026\/09\/04\/promesas-que-se-cumplen-el-gobierno-provincial-avanza-con-obras-de-infraestructura-vivienda-y-desarrollo-productivo\/","title":{"rendered":"El gobierno de Santa Cruz avanza con obras de infraestructura, vivienda y desarrollo productivo"},"content":{"rendered":"\n<p>El&nbsp;<strong>Gobierno de la Provincia de Santa Cruz<\/strong>&nbsp;contin\u00faa impulsando obras estrat\u00e9gicas y pol\u00edticas p\u00fablicas que<strong> transforman la calidad de vida <\/strong>de las familias santacruce\u00f1as y potencian la matriz productiva regional.<\/p>\n\n\n\n<h2><strong>Infraestructura Sanitaria y Soluciones Habitacionales Hist\u00f3ricas<\/strong><\/h2>\n\n\n\n<p>En materia de salud p\u00fablica, se concret\u00f3 la esperada inauguraci\u00f3n de la&nbsp;<strong>Sala Oncol\u00f3gica en Comandante Luis Piedra Buena<\/strong>, acercando atenci\u00f3n especializada a la zona centro.<\/p>\n\n\n\n<p>A su vez, el Gobierno Provincial hizo realidad el sue\u00f1o de la casa propia para familias que esperaron durante m\u00e1s de dos d\u00e9cadas, al tiempo que&nbsp;<strong>anunci\u00f3 una inversi\u00f3n hist\u00f3rica de 60.000 millones de pesos<\/strong>&nbsp;destinada a la construcci\u00f3n y desarrollo de viviendas en toda la provincia.<\/p>\n\n\n\n<p><strong>Soberan\u00eda y Reactivaci\u00f3n Productiva en Punta Loyola y el Campo<\/strong><\/p>\n\n\n\n<p><strong>Tras 30 a\u00f1os sin inversi\u00f3n estatal, se recuper\u00f3 la navegaci\u00f3n nocturna en Punta Loyola, una obra estrat\u00e9gica fundamental para fortalecer la log\u00edstica y el desarrollo productivo santacruce\u00f1o<\/strong>.<\/p>\n\n\n\n<p>En la misma l\u00ednea de recuperaci\u00f3n de capacidades, el Ejecutivo Provincial moderniz\u00f3 y puso en valor \u00e1reas estrat\u00e9gicas del Laboratorio de Lanas, que no recib\u00eda inversi\u00f3n desde el a\u00f1o 2012, potenciando de manera directa al sector agropecuario regional.<\/p>\n\n\n\n<h2>Servicios B\u00e1sicos e Inclusi\u00f3n Urban\u00edstica<\/h2>\n\n\n\n<p>Llegando a zonas relegadas durante d\u00e9cadas,&nbsp;<strong>se habilit\u00f3 el servicio de gas en el Barrio Nueva Esperanza y se destinaron 700 millones de pesos para la ejecuci\u00f3n de la red de cloacas en Pico Truncado.<\/strong><\/p>\n\n\n\n<p>Asimismo, a trav\u00e9s de&nbsp;<strong>la empresa estatal Distrigas S.A., se avanza con nuevas extensiones de red de gas en Las Heras y Jaramillo,<\/strong>&nbsp;logrando adem\u00e1s que 15 familias de Los Antiguos ya cuenten con este servicio vital en sus hogares.<\/p>\n\n\n\n<h2>Desarrollo urbano y empleo local<\/h2>\n\n\n\n<p>En la localidad de Piedra Buena, se mejor\u00f3 la calidad de vida de los vecinos del barrio Monte Le\u00f3n con la instalaci\u00f3n de&nbsp;<strong>luminarias LED<\/strong>&nbsp;y se generaron 30 puestos de trabajo local mediante la construcci\u00f3n de veredas.<\/p>\n\n\n\n<p>Por su parte, en R\u00edo Gallegos, la gesti\u00f3n provincial concret\u00f3 la entrega de 26 lotes en el barrio 22 de Septiembre y puso en marcha la construcci\u00f3n del nuevo polideportivo para el barrio ARA San Juan, promoviendo el deporte y la integraci\u00f3n comunitaria.<\/p>\n\n\n\n<p><strong>Fuente: noticias.santacruz.gob.ar<\/strong><\/p>\n","protected":false},"excerpt":{"rendered":"<p>El&nbsp;Gobierno de la Provincia de Santa Cruz&nbsp;contin\u00faa impulsando obras estrat\u00e9gicas y pol\u00edticas p\u00fablicas que transforman la calidad de vida de las familias santacruce\u00f1as y potencian la matriz productiva regional. Infraestructura Sanitaria y Soluciones Habitacionales Hist\u00f3ricas En materia de salud p\u00fablica, se concret\u00f3 la esperada inauguraci\u00f3n de la&nbsp;Sala Oncol\u00f3gica en Comandante Luis Piedra Buena, acercando atenci\u00f3n [&hellip;]<\/p>\n","protected":false},"author":5,"featured_media":9729,"comment_status":"open","ping_status":"open","sticky":false,"template":"","format":"standard","meta":[],"categories":[8],"tags":[],"_links":{"self":[{"href":"https:\/\/politicapatagonica.com\/index.php\/wp-json\/wp\/v2\/posts\/9728"}],"collection":[{"href":"https:\/\/politicapatagonica.com\/index.php\/wp-json\/wp\/v2\/posts"}],"about":[{"href":"https:\/\/politicapatagonica.com\/index.php\/wp-json\/wp\/v2\/types\/post"}],"author":[{"embeddable":true,"href":"https:\/\/politicapatagonica.com\/index.php\/wp-json\/wp\/v2\/users\/5"}],"replies":[{"embeddable":true,"href":"https:\/\/politicapatagonica.com\/index.php\/wp-json\/wp\/v2\/comments?post=9728"}],"version-history":[{"count":2,"href":"https:\/\/politicapatagonica.com\/index.php\/wp-json\/wp\/v2\/posts\/9728\/revisions"}],"predecessor-version":[{"id":9734,"href":"https:\/\/politicapatagonica.com\/index.php\/wp-json\/wp\/v2\/posts\/9728\/revisions\/9734"}],"wp:featuredmedia":[{"embeddable":true,"href":"https:\/\/politicapatagonica.com\/index.php\/wp-json\/wp\/v2\/media\/9729"}],"wp:attachment":[{"href":"https:\/\/politicapatagonica.com\/index.php\/wp-json\/wp\/v2\/media?parent=9728"}],"wp:term":[{"taxonomy":"category","embeddable":true,"href":"https:\/\/politicapatagonica.com\/index.php\/wp-json\/wp\/v2\/categories?post=9728"},{"taxonomy":"post_tag","embeddable":true,"href":"https:\/\/politicapatagonica.com\/index.php\/wp-json\/wp\/v2\/tags?post=9728"}],"curies":[{"name":"wp","href":"https:\/\/api.w.org\/{rel}","templated":true}]}}