{"id":9721,"date":"2026-09-03T22:23:49","date_gmt":"2026-09-03T22:23:49","guid":{"rendered":"https:\/\/politicapatagonica.com\/?p=9721"},"modified":"2026-09-03T22:37:15","modified_gmt":"2026-09-03T22:37:15","slug":"sin-candidatos-y-con-libertad-de-accion-el-mpn-ya-se-bajo-de-las-elecciones-2027","status":"publish","type":"post","link":"https:\/\/politicapatagonica.com\/index.php\/2026\/09\/03\/sin-candidatos-y-con-libertad-de-accion-el-mpn-ya-se-bajo-de-las-elecciones-2027\/","title":{"rendered":"Sin candidatos y con libertad de acci\u00f3n: el hist\u00f3rico MPN ya se baj\u00f3 de las elecciones 2027 en Neuqu\u00e9n"},"content":{"rendered":"\n<p id=\"p-1788379576214-25739\">El<strong>&nbsp;Movimiento Popular Neuquino (MPN)&nbsp;no se presentar\u00e1 a las elecciones de 2027<\/strong> en la provincia&nbsp;para ninguna de las categor\u00edas que se pondr\u00e1n en juego en esos comicios,&nbsp;en un contexto donde algunos<strong> dirigentes jugar\u00e1n su propio partido<\/strong> en apoyo a otros espacios pol\u00edticos.<\/p>\n\n\n\n<p id=\"p-1788379576214-53300\">Lo que trascendi\u00f3 de fuentes del partido provincial es que la decisi\u00f3n, que <strong>se har\u00e1 oficial cerca de fin de a\u00f1o<\/strong>, ya est\u00e1 tomada y restar\u00e1 determinar qu\u00e9 rol desempe\u00f1ar\u00e1n ex intendentes y otros referentes del partido provincial, de cara al desaf\u00edo electoral del a\u00f1o que viene, donde, adem\u00e1s de la elecci\u00f3n presidencial, Neuqu\u00e9n elegir\u00e1 una nueva f\u00f3rmula a la gobernaci\u00f3n, diputados provinciales, jefes comunales y concejales en todas localidades.<\/p>\n\n\n\n<p><strong>\u201cLo m\u00e1s probable es que se deje a libre decisi\u00f3n de los dirigentes y afiliados el dar apoyo al espacio que se quiera\u201d,<\/strong> se indic\u00f3, aunque se sabe que en la actualidad la gran mayor\u00eda se aline\u00f3 detr\u00e1s del proyecto pol\u00edtico del gobernador&nbsp;<strong>Rolando Figueroa.<\/strong><\/p>\n\n\n\n<h2 id=\"p-1788379576214-3499\">Armados<\/h2>\n\n\n\n<p id=\"p-1788379576214-54764\">La baja del MPN para el a\u00f1o que viene no implica que<strong> ex intendentes del partido provincial y algunos dirigentes busquen competir.<\/strong> Pero lo har\u00e1n a trav\u00e9s de otros sellos.<\/p>\n\n\n\n<p id=\"p-1788379576214-8197\">Y en esto mucho tiene que ver el armado de la Neuquinidad en el interior de la provincia. De hecho, se supo, por ejemplo, que en&nbsp;<strong>Chos Malal<\/strong>&nbsp;<strong>competir\u00e1n al menos tres candidatos a intendente en apoyo a la reelecci\u00f3n de Figueroa <\/strong>y uno de ellos, si bien ir\u00e1 con el sello de un partido aliado al oficialismo provincial, es del MPN.<\/p>\n\n\n\n<p id=\"p-1788379576214-61160\">Lo mismo ocurrir\u00e1 en&nbsp;<strong>Zapala<\/strong>&nbsp;(hasta el momento son dos los candidatos en apoyo a La Neuquinidad), como parte de una estrategia que se replicar\u00e1 en la mayor\u00eda de las localidades de la provincia.<\/p>\n\n\n\n<h2 id=\"p-1788379576214-64596\">Sello vac\u00edo<\/h2>\n\n\n\n<p id=\"p-1788379576214-42808\">Con muchos cuestionamientos internos al procedimiento que llev\u00f3 a la nueva elecci\u00f3n de autoridades, el MPN eligi\u00f3 el mes pasado al diputado&nbsp;<strong>Gabriel \u00c1lamo&nbsp;<\/strong>como <strong>nuevo presidente del partido<\/strong> y donde s\u00f3lo una seccional, la de Centenario, fue a las urnas.<\/p>\n\n\n\n<p id=\"p-1788379576214-22505\">El MPN ya hab\u00eda dejado de funcionar de manera org\u00e1nica el d\u00eda despu\u00e9s de la derrota electoral de abril de 2023, pese a que hasta la designaci\u00f3n de \u00c1lamo contaba con los ex gobernadores Jorge Sapag y Omar Guti\u00e9rrez como titulares de la Convenci\u00f3n y la Junta.<\/p>\n\n\n\n<p id=\"p-1788379576214-76362\"><strong>Ese golpe de abril de 2023, perdiendo la provincia despu\u00e9s de 60 a\u00f1os, hizo que el MPN realice su peor elecci\u00f3n en los comicios nacionales de ese a\u00f1o y que despu\u00e9s ni siquiera presente candidatos para 2025.<\/strong><\/p>\n\n\n\n<p id=\"p-1788379576214-4579\">Hoy, solo algunas voces cr\u00edticas, como las que surgen del&nbsp;<strong>MAPO<\/strong>&nbsp;y del ex gobernador<strong>&nbsp;Jorge Sobisch<\/strong>, se alzan dentro del MPN con el objetivo, complejo, de volver a subir al ring al viejo partido provincial, que ahora tampoco competir\u00e1 en 2027.<\/p>\n\n\n\n<p><strong>Fuente: www.lmneuquen.com<\/strong><\/p>\n","protected":false},"excerpt":{"rendered":"<p>El&nbsp;Movimiento Popular Neuquino (MPN)&nbsp;no se presentar\u00e1 a las elecciones de 2027 en la provincia&nbsp;para ninguna de las categor\u00edas que se pondr\u00e1n en juego en esos comicios,&nbsp;en un contexto donde algunos dirigentes jugar\u00e1n su propio partido en apoyo a otros espacios pol\u00edticos. Lo que trascendi\u00f3 de fuentes del partido provincial es que la decisi\u00f3n, que se [&hellip;]<\/p>\n","protected":false},"author":5,"featured_media":9722,"comment_status":"open","ping_status":"open","sticky":false,"template":"","format":"standard","meta":[],"categories":[9],"tags":[],"_links":{"self":[{"href":"https:\/\/politicapatagonica.com\/index.php\/wp-json\/wp\/v2\/posts\/9721"}],"collection":[{"href":"https:\/\/politicapatagonica.com\/index.php\/wp-json\/wp\/v2\/posts"}],"about":[{"href":"https:\/\/politicapatagonica.com\/index.php\/wp-json\/wp\/v2\/types\/post"}],"author":[{"embeddable":true,"href":"https:\/\/politicapatagonica.com\/index.php\/wp-json\/wp\/v2\/users\/5"}],"replies":[{"embeddable":true,"href":"https:\/\/politicapatagonica.com\/index.php\/wp-json\/wp\/v2\/comments?post=9721"}],"version-history":[{"count":3,"href":"https:\/\/politicapatagonica.com\/index.php\/wp-json\/wp\/v2\/posts\/9721\/revisions"}],"predecessor-version":[{"id":9727,"href":"https:\/\/politicapatagonica.com\/index.php\/wp-json\/wp\/v2\/posts\/9721\/revisions\/9727"}],"wp:featuredmedia":[{"embeddable":true,"href":"https:\/\/politicapatagonica.com\/index.php\/wp-json\/wp\/v2\/media\/9722"}],"wp:attachment":[{"href":"https:\/\/politicapatagonica.com\/index.php\/wp-json\/wp\/v2\/media?parent=9721"}],"wp:term":[{"taxonomy":"category","embeddable":true,"href":"https:\/\/politicapatagonica.com\/index.php\/wp-json\/wp\/v2\/categories?post=9721"},{"taxonomy":"post_tag","embeddable":true,"href":"https:\/\/politicapatagonica.com\/index.php\/wp-json\/wp\/v2\/tags?post=9721"}],"curies":[{"name":"wp","href":"https:\/\/api.w.org\/{rel}","templated":true}]}}