{"id":9718,"date":"2026-09-03T22:15:42","date_gmt":"2026-09-03T22:15:42","guid":{"rendered":"https:\/\/politicapatagonica.com\/?p=9718"},"modified":"2026-09-03T22:33:34","modified_gmt":"2026-09-03T22:33:34","slug":"la-pampa-y-buenos-aires-profundizan-la-cooperacion-con-nuevos-acuerdos-estrategicos","status":"publish","type":"post","link":"https:\/\/politicapatagonica.com\/index.php\/2026\/09\/03\/la-pampa-y-buenos-aires-profundizan-la-cooperacion-con-nuevos-acuerdos-estrategicos\/","title":{"rendered":"La Pampa y Buenos Aires profundizan la cooperaci\u00f3n con nuevos acuerdos estrat\u00e9gicos"},"content":{"rendered":"\n<p><\/p>\n\n\n\n<p>Los gobernadores <strong>Sergio Ziliotto <\/strong>y <strong>Axel Kicillof <\/strong>encabezaron en Casa de Gobierno la firma de una serie de <strong>acuerdos <\/strong>que profundizan el trabajo conjunto entre ambas provincias. Adem\u00e1s del convenio de cooperaci\u00f3n h\u00eddrica ante el escenario de El Ni\u00f1o 2026\/27, avanzaron en pol\u00edticas sociales, Salud, Turismo, Seguridad y banca p\u00fablica.<\/p>\n\n\n\n<p>Ziliotto destac\u00f3 que los convenios ratifican institucionalmente una modalidad de trabajo que ambas provincias vienen sosteniendo desde hace dos a\u00f1os. \u201cAs\u00ed entendemos lo que defendemos del federalismo.<strong> El pa\u00eds es un todo y todos tenemos que luchar por un objetivo com\u00fan, un desarrollo arm\u00f3nico en cada rinc\u00f3n de nuestra querida Argentina<\/strong>\u201d, afirm\u00f3.<\/p>\n\n\n\n<p>Kicillof coincidi\u00f3 en que los acuerdos no representan el inicio de la cooperaci\u00f3n, sino que <strong>formalizan acciones que ya se encuentran en marcha<\/strong>. \u201cEsto es la coronaci\u00f3n de un trabajo previo, no es el inicio, simplemente le estamos dando este marco\u201d, sostuvo.<\/p>\n\n\n\n<p>Uno de los convenios permitir\u00e1 <strong>transferir a Buenos Aires la experiencia desarrollada por La Pampa con el Sistema PILQUEN,<\/strong> herramienta utilizada para registrar, gestionar y sistematizar informaci\u00f3n destinada al dise\u00f1o, ejecuci\u00f3n, seguimiento y evaluaci\u00f3n de las pol\u00edticas sociales.<\/p>\n\n\n\n<p>Kicillof destac\u00f3 especialmente este acuerdo y record\u00f3 que PILQUEN fue desarrollado en La Pampa cuando Ziliotto se encontraba al frente del \u00e1rea social provincial. \u201c<strong>La Pampa lo invent\u00f3, lo aplica, Buenos Aires lo adopta<\/strong>\u201d, sintetiz\u00f3 el mandatario bonaerense.<\/p>\n\n\n\n<p>El Banco de La Pampa y el Banco de la Provincia de Buenos Aires suscribieron, adem\u00e1s, un Convenio Marco de Colaboraci\u00f3n y Cooperaci\u00f3n Institucional.<\/p>\n\n\n\n<p>Kicillof reivindic\u00f3 el papel que ambas entidades cumplen en el actual contexto econ\u00f3mico y <strong>defini\u00f3 a la banca p\u00fablica como \u201cun instrumento de desarrollo\u201d<\/strong> y una herramienta para intervenir frente a las dificultades que atraviesan familias y empresas.<\/p>\n\n\n\n<p>El Gobernador bonaerense destac\u00f3 que tanto el Banco de La Pampa como el Banco Provincia constituyen \u201cdos redes de contenci\u00f3n fundamentales\u201d frente a la ca\u00edda del consumo y las dificultades de la actividad econ\u00f3mica.<\/p>\n\n\n\n<p><strong>Fuente: www.lapoliticapampeana.com<\/strong><\/p>\n","protected":false},"excerpt":{"rendered":"<p>Los gobernadores Sergio Ziliotto y Axel Kicillof encabezaron en Casa de Gobierno la firma de una serie de acuerdos que profundizan el trabajo conjunto entre ambas provincias. Adem\u00e1s del convenio de cooperaci\u00f3n h\u00eddrica ante el escenario de El Ni\u00f1o 2026\/27, avanzaron en pol\u00edticas sociales, Salud, Turismo, Seguridad y banca p\u00fablica. Ziliotto destac\u00f3 que los convenios [&hellip;]<\/p>\n","protected":false},"author":5,"featured_media":9719,"comment_status":"open","ping_status":"open","sticky":false,"template":"","format":"standard","meta":[],"categories":[10],"tags":[],"_links":{"self":[{"href":"https:\/\/politicapatagonica.com\/index.php\/wp-json\/wp\/v2\/posts\/9718"}],"collection":[{"href":"https:\/\/politicapatagonica.com\/index.php\/wp-json\/wp\/v2\/posts"}],"about":[{"href":"https:\/\/politicapatagonica.com\/index.php\/wp-json\/wp\/v2\/types\/post"}],"author":[{"embeddable":true,"href":"https:\/\/politicapatagonica.com\/index.php\/wp-json\/wp\/v2\/users\/5"}],"replies":[{"embeddable":true,"href":"https:\/\/politicapatagonica.com\/index.php\/wp-json\/wp\/v2\/comments?post=9718"}],"version-history":[{"count":2,"href":"https:\/\/politicapatagonica.com\/index.php\/wp-json\/wp\/v2\/posts\/9718\/revisions"}],"predecessor-version":[{"id":9725,"href":"https:\/\/politicapatagonica.com\/index.php\/wp-json\/wp\/v2\/posts\/9718\/revisions\/9725"}],"wp:featuredmedia":[{"embeddable":true,"href":"https:\/\/politicapatagonica.com\/index.php\/wp-json\/wp\/v2\/media\/9719"}],"wp:attachment":[{"href":"https:\/\/politicapatagonica.com\/index.php\/wp-json\/wp\/v2\/media?parent=9718"}],"wp:term":[{"taxonomy":"category","embeddable":true,"href":"https:\/\/politicapatagonica.com\/index.php\/wp-json\/wp\/v2\/categories?post=9718"},{"taxonomy":"post_tag","embeddable":true,"href":"https:\/\/politicapatagonica.com\/index.php\/wp-json\/wp\/v2\/tags?post=9718"}],"curies":[{"name":"wp","href":"https:\/\/api.w.org\/{rel}","templated":true}]}}