{"id":9712,"date":"2026-09-02T19:12:49","date_gmt":"2026-09-02T19:12:49","guid":{"rendered":"https:\/\/politicapatagonica.com\/?p=9712"},"modified":"2026-09-03T00:40:51","modified_gmt":"2026-09-03T00:40:51","slug":"chubut-reforestara-127-hectareas-danadas-por-incendios-con-mas-de-100-mil-arboles-nativos","status":"publish","type":"post","link":"https:\/\/politicapatagonica.com\/index.php\/2026\/09\/02\/chubut-reforestara-127-hectareas-danadas-por-incendios-con-mas-de-100-mil-arboles-nativos\/","title":{"rendered":"Chubut reforestar\u00e1 127 hect\u00e1reas da\u00f1adas por incendios con m\u00e1s de 100 mil \u00e1rboles nativos"},"content":{"rendered":"\n<p>Cuatro \u00e1reas naturales de&nbsp;<strong>Chubut&nbsp;afectadas por incendios forestales<\/strong>&nbsp;ser\u00e1n intervenidas durante los pr\u00f3ximos dos meses con un amplio operativo de restauraci\u00f3n. El proyecto prev\u00e9 incorporar&nbsp;<strong>109.100 ejemplares de especies nativas sobre una superficie total de 127 hect\u00e1reas<\/strong>.<\/p>\n\n\n\n<p>Los trabajos se realizar\u00e1n durante septiembre y octubre en la&nbsp;<strong>Reserva de Uso M\u00faltiple Lago Epuy\u00e9n, la&nbsp;Reserva Provincial Cerro Currumahuida, el&nbsp;Parque y Reserva de Uso M\u00faltiple R\u00edo Turbio&nbsp;y el&nbsp;\u00c1rea Natural Protegida R\u00edo Tigre<\/strong>.<\/p>\n\n\n\n<p>La campa\u00f1a estar\u00e1 coordinada por la Secretar\u00eda de Bosques provincial junto con organizaciones ambientales y forma parte de una estrategia que no se limitar\u00e1 a plantar nuevos ejemplares.&nbsp;<strong>Cada sector tendr\u00e1 un tratamiento diferente de acuerdo con los da\u00f1os provocados por el fuego y las condiciones actuales del ecosistema.<\/strong><\/p>\n\n\n\n<p>Para determinar d\u00f3nde y c\u00f3mo intervenir se analizaron variables como la intensidad de los incendios, la presencia actual de especies aut\u00f3ctonas y ex\u00f3ticas y&nbsp;<strong>la capacidad de regeneraci\u00f3n natural que conserva cada ambiente<\/strong>.<\/p>\n\n\n\n<h2>C\u00f3mo se recuperar\u00e1n los bosques afectados por el fuego<\/h2>\n\n\n\n<p>En los sectores que presenten condiciones adecuadas,<strong> los \u00e1rboles nativos podr\u00e1n incorporarse directamente<\/strong>. En otros puntos ser\u00e1 necesario realizar tareas previas para facilitar la recuperaci\u00f3n del bosque.<\/p>\n\n\n\n<p>Una de esas intervenciones ser\u00e1&nbsp;<strong>la eliminaci\u00f3n de renovales de pinos que aparecieron despu\u00e9s de los incendios<\/strong>, adem\u00e1s de la apertura de claros donde resulte necesaria para avanzar con las nuevas plantaciones.<\/p>\n\n\n\n<p>El programa tambi\u00e9n incorpora un seguimiento posterior. Los equipos t\u00e9cnicos monitorear\u00e1n a largo plazo la evoluci\u00f3n y el crecimiento de los ejemplares para evaluar los resultados y&nbsp;<strong>modificar las estrategias de restauraci\u00f3n cuando las condiciones del terreno lo requieran<\/strong>.<\/p>\n\n\n\n<p>En Lago Epuy\u00e9n y R\u00edo Turbio, donde existen comunidades y pobladores dentro de las \u00e1reas alcanzadas, la planificaci\u00f3n incluy\u00f3 adem\u00e1s instancias participativas para incorporar las caracter\u00edsticas y necesidades particulares de cada territorio.<\/p>\n\n\n\n<h2>Un proyecto de cooperaci\u00f3n entre Argentina y Alemania<\/h2>\n\n\n\n<p>La intervenci\u00f3n forma parte del proyecto&nbsp;<strong>ProCLIM-AR<\/strong>, una iniciativa vinculada con el<strong> desarrollo de estrategias bajas en carbono y resilientes frente al cambio clim\u00e1tico surgida de la cooperaci\u00f3n bilateral entre Argentina y Alemania.<\/strong><\/p>\n\n\n\n<p>Dentro de ese programa, el componente de&nbsp;<strong>Restauraci\u00f3n de Paisajes Forestales<\/strong>&nbsp;acompa\u00f1a la actualizaci\u00f3n y ejecuci\u00f3n del plan provincial destinado a recuperar grandes superficies da\u00f1adas durante la temporada de incendios forestales 2014-2015.<\/p>\n\n\n\n<p>La implementaci\u00f3n cuenta con la participaci\u00f3n de la&nbsp;<strong>Fundaci\u00f3n Vida Silvestre Argentina<\/strong>, la <strong>Fundaci\u00f3n para Cuidar al Planeta <\/strong>y sus Habitantes y otros organismos que intervienen dentro del esquema de cooperaci\u00f3n.<\/p>\n\n\n\n<p>Con la nueva campa\u00f1a,&nbsp;<strong>Chubut avanzar\u00e1 sobre 127 hect\u00e1reas de ambientes degradados por el fuego<\/strong>, combinando reforestaci\u00f3n con especies nativas, control de vegetaci\u00f3n ex\u00f3tica y seguimiento de la recuperaci\u00f3n de los ecosistemas.<\/p>\n\n\n\n<p><strong>Fuente: www.datadiario.com<\/strong><\/p>\n","protected":false},"excerpt":{"rendered":"<p>Cuatro \u00e1reas naturales de&nbsp;Chubut&nbsp;afectadas por incendios forestales&nbsp;ser\u00e1n intervenidas durante los pr\u00f3ximos dos meses con un amplio operativo de restauraci\u00f3n. El proyecto prev\u00e9 incorporar&nbsp;109.100 ejemplares de especies nativas sobre una superficie total de 127 hect\u00e1reas. Los trabajos se realizar\u00e1n durante septiembre y octubre en la&nbsp;Reserva de Uso M\u00faltiple Lago Epuy\u00e9n, la&nbsp;Reserva Provincial Cerro Currumahuida, el&nbsp;Parque y [&hellip;]<\/p>\n","protected":false},"author":5,"featured_media":9713,"comment_status":"open","ping_status":"open","sticky":false,"template":"","format":"standard","meta":[],"categories":[14],"tags":[],"_links":{"self":[{"href":"https:\/\/politicapatagonica.com\/index.php\/wp-json\/wp\/v2\/posts\/9712"}],"collection":[{"href":"https:\/\/politicapatagonica.com\/index.php\/wp-json\/wp\/v2\/posts"}],"about":[{"href":"https:\/\/politicapatagonica.com\/index.php\/wp-json\/wp\/v2\/types\/post"}],"author":[{"embeddable":true,"href":"https:\/\/politicapatagonica.com\/index.php\/wp-json\/wp\/v2\/users\/5"}],"replies":[{"embeddable":true,"href":"https:\/\/politicapatagonica.com\/index.php\/wp-json\/wp\/v2\/comments?post=9712"}],"version-history":[{"count":2,"href":"https:\/\/politicapatagonica.com\/index.php\/wp-json\/wp\/v2\/posts\/9712\/revisions"}],"predecessor-version":[{"id":9716,"href":"https:\/\/politicapatagonica.com\/index.php\/wp-json\/wp\/v2\/posts\/9712\/revisions\/9716"}],"wp:featuredmedia":[{"embeddable":true,"href":"https:\/\/politicapatagonica.com\/index.php\/wp-json\/wp\/v2\/media\/9713"}],"wp:attachment":[{"href":"https:\/\/politicapatagonica.com\/index.php\/wp-json\/wp\/v2\/media?parent=9712"}],"wp:term":[{"taxonomy":"category","embeddable":true,"href":"https:\/\/politicapatagonica.com\/index.php\/wp-json\/wp\/v2\/categories?post=9712"},{"taxonomy":"post_tag","embeddable":true,"href":"https:\/\/politicapatagonica.com\/index.php\/wp-json\/wp\/v2\/tags?post=9712"}],"curies":[{"name":"wp","href":"https:\/\/api.w.org\/{rel}","templated":true}]}}