{"id":9709,"date":"2026-09-02T19:07:44","date_gmt":"2026-09-02T19:07:44","guid":{"rendered":"https:\/\/politicapatagonica.com\/?p=9709"},"modified":"2026-09-03T00:37:05","modified_gmt":"2026-09-03T00:37:05","slug":"traspaso-de-rutas-a-rio-negro-la-provincia-gestiona-un-credito-con-el-banco-fonplata","status":"publish","type":"post","link":"https:\/\/politicapatagonica.com\/index.php\/2026\/09\/02\/traspaso-de-rutas-a-rio-negro-la-provincia-gestiona-un-credito-con-el-banco-fonplata\/","title":{"rendered":"Traspaso de rutas a R\u00edo Negro: la Provincia gestiona un cr\u00e9dito millonario con el banco Fonplata"},"content":{"rendered":"\n<p>R\u00edo Negro gestiona&nbsp;<strong>un cr\u00e9dito de hasta 60 millones de d\u00f3lares con el banco Fonplata destinado a reparaciones en las rutas nacionales 22 y 151,&nbsp;<\/strong>que se har\u00e1 operativo a partir de la ratificaci\u00f3n legislativa del convenio de traspaso firmado por los gobiernos Provincial y Nacional.<\/p>\n\n\n\n<p>&#8220;Estamos afinando los t\u00e9rminos y las condiciones&#8221; y<strong>&nbsp;apuntamos a que est\u00e9 aprobado en octubre<\/strong>&nbsp;explic\u00f3 el ministro de Hacienda, Gabriel S\u00e1nchez, durante&nbsp;el plenario de comisiones legislativas&nbsp;que le dio dictamen favorable al pedido de endeudamiento.<\/p>\n\n\n\n<p>Cont\u00f3 que el banco ofrece su ejecuci\u00f3n en cuatro a\u00f1os, como m\u00e1ximo pero esperamos que sea en menos tiempo con<strong>&nbsp;una tasa estimada del 5,75% y cinco a\u00f1os de gracia.<\/strong><\/p>\n\n\n\n<p>Ese organismo de desarrollo est\u00e1 formado por Argentina, Bolivia, Brasil, Paraguay y Uruguay y es una nueva alternativa de financiamiento para la provincia<strong>&nbsp;a partir de la buena situaci\u00f3n que tenemos,<\/strong>&nbsp;dijo.<\/p>\n\n\n\n<p>Este nuevo pedido de endeudamiento dispar\u00f3 preguntas por parte de algunos legisladores sobre la situaci\u00f3n financiera de la provincia, en especial por los recientes cr\u00e9ditos otorgados por el<strong>&nbsp;Banco de Desarrollo de Am\u00e9rica Latina y el Caribe (CAF), por 140 millones de d\u00f3lares,&nbsp;<\/strong>destinado a distintas obras de infraestructura; y del&nbsp;<strong>Banco Interamericano de Desarrollo (BID), por otros 140 millones<\/strong>, para desarrollos productivos y mejoras en el sistema de salud.<\/p>\n\n\n\n<p>S\u00e1nchez reconoci\u00f3 esos 340 millones de d\u00f3lares, explic\u00f3 que son cr\u00e9ditos con muy buenas condiciones y representan&nbsp;<strong>el 9,7% de la coparticipaci\u00f3n que recibe la provincia, cuando el techo legal es del 15%.<\/strong><\/p>\n\n\n\n<p>Record\u00f3 que este mes se abonar\u00e1 la sexta cuota del Plan Castello y quedar\u00e1n tres para cancelar, la \u00faltima en el primer semestre de 2028. Son 72 millones de d\u00f3lares anuales, mientras que los pagos de capital por los nuevos cr\u00e9ditos<strong>&nbsp;ser\u00e1n de 27 millones de d\u00f3lares, y reci\u00e9n a partir de 2031.<\/strong><\/p>\n\n\n\n<p>El ministro dijo que la cancelaci\u00f3n en 2028 y el nuevo pago en 2031 permitir\u00eda, en ese lapso,&nbsp;<strong>la creaci\u00f3n de un fondo antic\u00edclico.<\/strong><\/p>\n\n\n\n<p>Con respecto al stock de deuda precis\u00f3 que al cierre financiero de 2025 era de 320 millones de d\u00f3lares y luego de la cancelaci\u00f3n de la cuota del Castello&nbsp;<strong>ser\u00e1 de 255 millones, que representan el 14% de los ingresos que tiene la provincia.<\/strong><\/p>\n\n\n\n<h2>Todos juntos en el reclamo<\/h2>\n\n\n\n<p>Durante la reuni\u00f3n plenaria tambi\u00e9n se repiti\u00f3 la necesidad de<strong>&nbsp;reclamar todos juntos por la falta de liquidaci\u00f3n del impuesto a los combustibles l\u00edquidos&nbsp;<\/strong>que debe destinarse a obras de infraestructura en la rutas nacionales.<\/p>\n\n\n\n<p>Fue uno de los puntos remarcados por el ministro de Obras y Servicios P\u00fablicos, Alejandro Echarren; y pidi\u00f3 a los bloques con representaci\u00f3n nacional en el Congreso que<strong>&nbsp;insistan ante sus parlamentarios por ese tema.<\/strong><\/p>\n\n\n\n<p>En ese sentido Jos\u00e9 Luis Berros record\u00f3&nbsp;un reciente proyecto&nbsp;del senador nacional Mart\u00edn Soria, para modificar los porcentajes de liquidaci\u00f3n de aquel impuesto, y un proyecto de declaraci\u00f3n presentado por su bloque por el mismo tema que<strong>&nbsp;recibi\u00f3 el compromiso de acompa\u00f1amiento por parte del presidente del bloque de Juntos Somos R\u00edo Negro, Facundo L\u00f3pez.<\/strong><\/p>\n\n\n\n<p>El tema se cerr\u00f3 con la participaci\u00f3n de Carlos Valeri, presidente del plenario, quien record\u00f3 que en la \u00faltima sesi\u00f3n la Legislatura aprob\u00f3, por mayor\u00eda,&nbsp;un proyecto de comunicaci\u00f3n&nbsp;para convocar a los senadores y diputados nacionales por R\u00edo Negro para que<strong>&nbsp;informen las gestiones realizadas por el estado de las rutas nacionales que atraviesan la provincia.<\/strong><\/p>\n\n\n\n<p><strong>Fuente: www.rionegro.com.ar<\/strong><\/p>\n","protected":false},"excerpt":{"rendered":"<p>R\u00edo Negro gestiona&nbsp;un cr\u00e9dito de hasta 60 millones de d\u00f3lares con el banco Fonplata destinado a reparaciones en las rutas nacionales 22 y 151,&nbsp;que se har\u00e1 operativo a partir de la ratificaci\u00f3n legislativa del convenio de traspaso firmado por los gobiernos Provincial y Nacional. &#8220;Estamos afinando los t\u00e9rminos y las condiciones&#8221; y&nbsp;apuntamos a que est\u00e9 [&hellip;]<\/p>\n","protected":false},"author":5,"featured_media":9710,"comment_status":"open","ping_status":"open","sticky":false,"template":"","format":"standard","meta":[],"categories":[13],"tags":[],"_links":{"self":[{"href":"https:\/\/politicapatagonica.com\/index.php\/wp-json\/wp\/v2\/posts\/9709"}],"collection":[{"href":"https:\/\/politicapatagonica.com\/index.php\/wp-json\/wp\/v2\/posts"}],"about":[{"href":"https:\/\/politicapatagonica.com\/index.php\/wp-json\/wp\/v2\/types\/post"}],"author":[{"embeddable":true,"href":"https:\/\/politicapatagonica.com\/index.php\/wp-json\/wp\/v2\/users\/5"}],"replies":[{"embeddable":true,"href":"https:\/\/politicapatagonica.com\/index.php\/wp-json\/wp\/v2\/comments?post=9709"}],"version-history":[{"count":2,"href":"https:\/\/politicapatagonica.com\/index.php\/wp-json\/wp\/v2\/posts\/9709\/revisions"}],"predecessor-version":[{"id":9715,"href":"https:\/\/politicapatagonica.com\/index.php\/wp-json\/wp\/v2\/posts\/9709\/revisions\/9715"}],"wp:featuredmedia":[{"embeddable":true,"href":"https:\/\/politicapatagonica.com\/index.php\/wp-json\/wp\/v2\/media\/9710"}],"wp:attachment":[{"href":"https:\/\/politicapatagonica.com\/index.php\/wp-json\/wp\/v2\/media?parent=9709"}],"wp:term":[{"taxonomy":"category","embeddable":true,"href":"https:\/\/politicapatagonica.com\/index.php\/wp-json\/wp\/v2\/categories?post=9709"},{"taxonomy":"post_tag","embeddable":true,"href":"https:\/\/politicapatagonica.com\/index.php\/wp-json\/wp\/v2\/tags?post=9709"}],"curies":[{"name":"wp","href":"https:\/\/api.w.org\/{rel}","templated":true}]}}