{"id":9703,"date":"2026-08-31T20:23:16","date_gmt":"2026-08-31T20:23:16","guid":{"rendered":"https:\/\/politicapatagonica.com\/?p=9703"},"modified":"2026-08-31T20:23:18","modified_gmt":"2026-08-31T20:23:18","slug":"claudio-vidal-cuestiono-a-dirigentes-de-la-politica-tradicional-y-defendio-las-acciones-de-su-gestion","status":"publish","type":"post","link":"https:\/\/politicapatagonica.com\/index.php\/2026\/08\/31\/claudio-vidal-cuestiono-a-dirigentes-de-la-politica-tradicional-y-defendio-las-acciones-de-su-gestion\/","title":{"rendered":"Claudio Vidal cuestion\u00f3 a dirigentes de la pol\u00edtica tradicional y defendi\u00f3 las acciones de su gesti\u00f3n"},"content":{"rendered":"\n<p>El gobernador de Santa Cruz,&nbsp;<strong>Claudio Vidal<\/strong>, public\u00f3 un video en sus redes sociales en el que cuestion\u00f3 a dirigentes que, seg\u00fan plante\u00f3, forman parte de la&nbsp;<strong>\u201cpol\u00edtica tradicional\u201d<\/strong>&nbsp;y defendi\u00f3 las acciones desarrolladas durante su gesti\u00f3n al frente del Ejecutivo provincial.<\/p>\n\n\n\n<p>El mensaje tuvo un marcado contenido pol\u00edtico y estuvo centrado en una pregunta que el mandatario dirigi\u00f3 a quienes cuestionan su administraci\u00f3n:<\/p>\n\n\n\n<p><strong>\u201c\u00bfQu\u00e9 hicieron ustedes por esta sociedad? \u00bfQu\u00e9 hicieron ustedes por Santa Cruz?\u201d<\/strong>.<\/p>\n\n\n\n<p>Vidal vincul\u00f3 las cr\u00edticas recibidas con su trayectoria previa y sostuvo que algunos sectores no aceptan que haya llegado a ocupar la Gobernaci\u00f3n \u201cdesde abajo\u201d. En ese sentido, afirm\u00f3 que su principal objetivo contin\u00faa siendo trabajar por el bienestar de los santacruce\u00f1os.<\/p>\n\n\n\n<p><strong>\u201cA todos esos dirigentes de la pol\u00edtica tradicional, que no perdonan que venga de abajo y que me haya superado y trabaje por el bienestar com\u00fan de los santacruce\u00f1os y santacruce\u00f1as, les quiero preguntar: \u00bfqu\u00e9 hicieron ustedes por esta sociedad? \u00bfQu\u00e9 hicieron ustedes por Santa Cruz?\u201d<\/strong>, manifest\u00f3.<strong><\/strong><\/p>\n\n\n\n<p><strong>El repaso de las iniciativas mencionadas<\/strong><\/p>\n\n\n\n<p>Durante el video, el gobernador enumer\u00f3 diferentes obras y proyectos que present\u00f3 como resultados de su gesti\u00f3n.<\/p>\n\n\n\n<p>\u201c<strong>Yo s\u00e9 lo que hice. Hice escuelas, polideportivos de los m\u00e1s grandes en toda la provincia<\/strong>\u201d, sostuvo Vidal, al referirse a las inversiones realizadas en infraestructura educativa y deportiva.<\/p>\n\n\n\n<p>El mandatario tambi\u00e9n mencion\u00f3 el desarrollo de iniciativas productivas. Entre ellas destac\u00f3 una&nbsp;<strong>f\u00e1brica textil<\/strong>, a la que calific\u00f3 como la primera de su tipo en la historia de Santa Cruz, y un&nbsp;<strong>criadero<\/strong>, que describi\u00f3 como el m\u00e1s grande de la Patagonia.<\/p>\n\n\n\n<p>Otro de los puntos incluidos en su mensaje fueron las&nbsp;<strong>proveedur\u00edas<\/strong>, emprendimientos que el gobernador vincul\u00f3 con la intenci\u00f3n de reducir el impacto del costo de los productos b\u00e1sicos sobre los trabajadores.<\/p>\n\n\n\n<p><strong>\u201cConstruimos proveedur\u00edas para abaratar el costo de la canasta familiar\u201d<\/strong>, se\u00f1al\u00f3 Vidal.<\/p>\n\n\n\n<p>El repaso realizado por el mandatario estuvo acompa\u00f1ado por una reivindicaci\u00f3n de un modelo de gesti\u00f3n basado, seg\u00fan sus propias palabras, en&nbsp;<strong>la generaci\u00f3n de empleo, el movimiento econ\u00f3mico, la producci\u00f3n, el desarrollo y la educaci\u00f3n<\/strong>.<\/p>\n\n\n\n<p><strong>Una definici\u00f3n pol\u00edtica frente a las cr\u00edticas<\/strong><\/p>\n\n\n\n<p>M\u00e1s all\u00e1 de la enumeraci\u00f3n de obras, el mensaje tuvo como eje una<strong> respuesta directa a los cuestionamientos provenientes de otros sectores pol\u00edticos.<\/strong><\/p>\n\n\n\n<p>Vidal sostuvo que continuar\u00e1 avanzando con los proyectos de su administraci\u00f3n independientemente de las cr\u00edticas que reciba. En esa l\u00ednea, plante\u00f3 que Santa Cruz cuenta con recursos y capacidades para sostener un proceso de desarrollo.<\/p>\n\n\n\n<p>\u201c<strong>Vamos a seguir adelante. Por m\u00e1s que a muchos dirigentes de la pol\u00edtica tradicional les moleste<\/strong>\u201d, afirm\u00f3.<\/p>\n\n\n\n<p>El gobernador cerr\u00f3 el video con una de las consignas que viene utilizando para respaldar su gesti\u00f3n y plante\u00f3:<\/p>\n\n\n\n<p><strong>\u201cEstamos convencidos de que Santa Cruz puede y tiene con qu\u00e9\u201d<\/strong>.<\/p>\n\n\n\n<p><strong>Producci\u00f3n, infraestructura y educaci\u00f3n como ejes<\/strong><\/p>\n\n\n\n<p>Los temas mencionados por Vidal se encuentran vinculados con algunos de los principales ejes que el Ejecutivo provincial busca destacar en su gesti\u00f3n:&nbsp;<strong>obra p\u00fablica, educaci\u00f3n, deporte, producci\u00f3n y empleo<\/strong>.<\/p>\n\n\n\n<p>En el mensaje, el mandatario no hizo referencia \u00fanicamente a obras de infraestructura, sino que tambi\u00e9n puso el foco en proyectos destinados a ampliar la actividad productiva y generar movimiento econ\u00f3mico dentro de la provincia.<\/p>\n\n\n\n<p>La intervenci\u00f3n se produjo en un contexto de&nbsp;<strong>fuertes cruces entre distintos sectores de la dirigencia santacruce\u00f1a<\/strong>, y el video funcion\u00f3 como una defensa p\u00fablica del rumbo adoptado por el Gobierno provincial.<\/p>\n\n\n\n<p>Con una enumeraci\u00f3n de obras y proyectos como argumento central, Vidal volvi\u00f3 a plantear su diferenciaci\u00f3n respecto de la dirigencia que identifica como\u00a0<strong>\u201cpol\u00edtica tradicional\u201d<\/strong>\u00a0y sostuvo que continuar\u00e1 impulsando iniciativas vinculadas con el desarrollo provincial.<\/p>\n\n\n\n<p><strong>Fuente: patagonianexo.com.ar<\/strong><\/p>\n","protected":false},"excerpt":{"rendered":"<p>El gobernador de Santa Cruz,&nbsp;Claudio Vidal, public\u00f3 un video en sus redes sociales en el que cuestion\u00f3 a dirigentes que, seg\u00fan plante\u00f3, forman parte de la&nbsp;\u201cpol\u00edtica tradicional\u201d&nbsp;y defendi\u00f3 las acciones desarrolladas durante su gesti\u00f3n al frente del Ejecutivo provincial. El mensaje tuvo un marcado contenido pol\u00edtico y estuvo centrado en una pregunta que el mandatario [&hellip;]<\/p>\n","protected":false},"author":5,"featured_media":9704,"comment_status":"open","ping_status":"open","sticky":false,"template":"","format":"standard","meta":[],"categories":[8],"tags":[],"_links":{"self":[{"href":"https:\/\/politicapatagonica.com\/index.php\/wp-json\/wp\/v2\/posts\/9703"}],"collection":[{"href":"https:\/\/politicapatagonica.com\/index.php\/wp-json\/wp\/v2\/posts"}],"about":[{"href":"https:\/\/politicapatagonica.com\/index.php\/wp-json\/wp\/v2\/types\/post"}],"author":[{"embeddable":true,"href":"https:\/\/politicapatagonica.com\/index.php\/wp-json\/wp\/v2\/users\/5"}],"replies":[{"embeddable":true,"href":"https:\/\/politicapatagonica.com\/index.php\/wp-json\/wp\/v2\/comments?post=9703"}],"version-history":[{"count":1,"href":"https:\/\/politicapatagonica.com\/index.php\/wp-json\/wp\/v2\/posts\/9703\/revisions"}],"predecessor-version":[{"id":9705,"href":"https:\/\/politicapatagonica.com\/index.php\/wp-json\/wp\/v2\/posts\/9703\/revisions\/9705"}],"wp:featuredmedia":[{"embeddable":true,"href":"https:\/\/politicapatagonica.com\/index.php\/wp-json\/wp\/v2\/media\/9704"}],"wp:attachment":[{"href":"https:\/\/politicapatagonica.com\/index.php\/wp-json\/wp\/v2\/media?parent=9703"}],"wp:term":[{"taxonomy":"category","embeddable":true,"href":"https:\/\/politicapatagonica.com\/index.php\/wp-json\/wp\/v2\/categories?post=9703"},{"taxonomy":"post_tag","embeddable":true,"href":"https:\/\/politicapatagonica.com\/index.php\/wp-json\/wp\/v2\/tags?post=9703"}],"curies":[{"name":"wp","href":"https:\/\/api.w.org\/{rel}","templated":true}]}}