{"id":8992,"date":"2026-04-30T23:02:52","date_gmt":"2026-04-30T23:02:52","guid":{"rendered":"https:\/\/politicapatagonica.com\/?p=8992"},"modified":"2026-04-30T23:02:53","modified_gmt":"2026-04-30T23:02:53","slug":"melella-fijo-fecha-y-activo-la-reforma","status":"publish","type":"post","link":"https:\/\/politicapatagonica.com\/index.php\/2026\/04\/30\/melella-fijo-fecha-y-activo-la-reforma\/","title":{"rendered":"Melella fij\u00f3 fecha y activ\u00f3 la reforma"},"content":{"rendered":"\n<p>El gobernador Gustavo Melella firm\u00f3 el decreto que<strong> <\/strong>convoca a <strong>elecciones de convencionales constituyentes para el pr\u00f3ximo 9 de agosto, dando as\u00ed inicio formal al proceso de reforma de la Constituci\u00f3n provincial.<\/strong> La medida qued\u00f3 establecida en el Decreto N\u00b0 0751\/26, donde se dispone la elecci\u00f3n de quince convencionales titulares y ocho suplentes, en l\u00ednea con lo previsto por la normativa vigente.<\/p>\n\n\n\n<p>De este modo<strong>, el Ejecutivo provincial avanz\u00f3 con una decisi\u00f3n que hab\u00eda sido anticipada y que se inscribe en un escenario de creciente tensi\u00f3n pol\u00edtica e institucional.<\/strong> En las semanas previas, sectores de la Legislatura impulsaron dict\u00e1menes con el objetivo de frenar la convocatoria, cuestionando tanto la oportunidad del llamado como algunos aspectos del proceso. Sin embargo, desde el gobierno fueguino se sostuvo que la iniciativa cuenta con pleno sustento legal y que no existen impedimentos para su concreci\u00f3n .<\/p>\n\n\n\n<p>En ese marco,<strong> el decreto se apoya en la Ley Provincial N\u00b0 1529<\/strong>, sancionada en diciembre de 2023, que declar\u00f3 la necesidad de la reforma parcial de la Constituci\u00f3n. A su vez, el texto oficial repasa el derrotero judicial que atraves\u00f3 la iniciativa, incluyendo presentaciones de inconstitucionalidad y medidas cautelares que llegaron a suspender un llamado previo a elecciones. No obstante, posteriormente la <strong>Justicia dej\u00f3 sin efecto esa suspensi\u00f3n, habilitando nuevamente al Poder Ejecutivo a avanzar con la convocatoria dentro de los plazos establecidos <\/strong>.<\/p>\n\n\n\n<p>Asimismo, el documento se\u00f1ala que el Superior Tribunal de Justicia ratific\u00f3 la validez del proceso, al considerar que<strong> la ley fue sancionada conforme a los requisitos constitucionales y que el Ejecutivo cuenta con facultades para fijar la fecha de los comicios.<\/strong> En ese sentido, se destaca que el plazo para realizar la convocatoria comenz\u00f3 a correr tras quedar firme la sentencia judicial, lo que deriv\u00f3 en la definici\u00f3n del 9 de agosto como fecha electoral .<\/p>\n\n\n\n<p>Por otra parte, el decreto tambi\u00e9n establece que la convocatoria<strong> deber\u00e1 ser difundida durante treinta d\u00edas en los medios de comunicaci\u00f3n de la provincia, con el objetivo de garantizar el conocimiento p\u00fablico del proceso.<\/strong> Adem\u00e1s, instruye al Ministerio de Econom\u00eda a asegurar los recursos necesarios para su implementaci\u00f3n, mediante las adecuaciones presupuestarias correspondientes .<\/p>\n\n\n\n<p>En paralelo, Melella defendi\u00f3 la reforma como una discusi\u00f3n de fondo sobre el modelo de provincia. Seg\u00fan plante\u00f3,<strong> el objetivo es actualizar la Carta Magna para adecuarla a las transformaciones sociales, econ\u00f3micas e institucionales de las \u00faltimas d\u00e9cadas.<\/strong> En esa l\u00ednea, cuestion\u00f3 a quienes buscan frenar el debate y consider\u00f3 que existen intereses pol\u00edticos que intentan postergar la discusi\u00f3n .<\/p>\n\n\n\n<p>Entre los ejes que el Ejecutivo propone debatir en la Convenci\u00f3n Constituyente se encuentran cambios en el sistema pol\u00edtico, como la limitaci\u00f3n de reelecciones, la revisi\u00f3n del n\u00famero de legisladores y la eliminaci\u00f3n de cargos vitalicios.<strong> Tambi\u00e9n se plantea una reforma del sistema electoral, con la posibilidad de incorporar herramientas como la boleta \u00fanica o mecanismos tecnol\u00f3gicos que agilicen el proceso de votaci\u00f3n .<\/strong><\/p>\n\n\n\n<p>A su vez, <strong>el gobierno impulsa modificaciones vinculadas al funcionamiento de la Justicia, en particular en lo referido al Consejo de la Magistratura, con el objetivo de reducir la injerencia pol\u00edtica en la designaci\u00f3n y remoci\u00f3n de jueces<\/strong>. Del mismo modo, se propone ordenar la relaci\u00f3n entre la provincia y los municipios, para evitar superposiciones de funciones y mejorar la eficiencia del gasto p\u00fablico .<\/p>\n\n\n\n<p>En materia econ\u00f3mica, la reforma apunta a establecer reglas m\u00e1s claras para la inversi\u00f3n privada, al tiempo que busca garantizar derechos laborales y condiciones adecuadas de contrataci\u00f3n.<strong> Tambi\u00e9n se incluyen propuestas vinculadas a la educaci\u00f3n<\/strong>, con la intenci\u00f3n de consolidarla como un derecho esencial y fortalecer el sistema educativo provincial .<\/p>\n\n\n\n<p>No obstante<strong>, el proceso se desarrolla en un clima de controversia<\/strong>. Desde distintos sectores pol\u00edticos <strong>se cuestiona tanto el momento elegido para avanzar con la reforma como el costo que implicar\u00e1 la convocatoria<\/strong>. Frente a estas cr\u00edticas, el Ejecutivo sostiene que el gasto ser\u00e1 acotado y que, en cambio, la reforma permitir\u00e1 evitar costos mayores en el futuro, vinculados al crecimiento de la estructura pol\u00edtica .<\/p>\n\n\n\n<p>Finalmente, con la firma del decreto y la fecha ya establecida, el proceso constituyente entra en una etapa decisiva. A partir de a<strong>hora, la elecci\u00f3n de convencionales marcar\u00e1 el inicio de un debate que promete ocupar un lugar central en la agenda p\u00fablica de Tierra del Fuego<\/strong> de los pr\u00f3ximos meses.<\/p>\n\n\n\n<p><strong>Fuente: www.eldiariodelfindelmundo.com<\/strong><\/p>\n","protected":false},"excerpt":{"rendered":"<p>El gobernador Gustavo Melella firm\u00f3 el decreto que convoca a elecciones de convencionales constituyentes para el pr\u00f3ximo 9 de agosto, dando as\u00ed inicio formal al proceso de reforma de la Constituci\u00f3n provincial. La medida qued\u00f3 establecida en el Decreto N\u00b0 0751\/26, donde se dispone la elecci\u00f3n de quince convencionales titulares y ocho suplentes, en l\u00ednea [&hellip;]<\/p>\n","protected":false},"author":5,"featured_media":8993,"comment_status":"open","ping_status":"open","sticky":false,"template":"","format":"standard","meta":[],"categories":[11],"tags":[],"_links":{"self":[{"href":"https:\/\/politicapatagonica.com\/index.php\/wp-json\/wp\/v2\/posts\/8992"}],"collection":[{"href":"https:\/\/politicapatagonica.com\/index.php\/wp-json\/wp\/v2\/posts"}],"about":[{"href":"https:\/\/politicapatagonica.com\/index.php\/wp-json\/wp\/v2\/types\/post"}],"author":[{"embeddable":true,"href":"https:\/\/politicapatagonica.com\/index.php\/wp-json\/wp\/v2\/users\/5"}],"replies":[{"embeddable":true,"href":"https:\/\/politicapatagonica.com\/index.php\/wp-json\/wp\/v2\/comments?post=8992"}],"version-history":[{"count":1,"href":"https:\/\/politicapatagonica.com\/index.php\/wp-json\/wp\/v2\/posts\/8992\/revisions"}],"predecessor-version":[{"id":8994,"href":"https:\/\/politicapatagonica.com\/index.php\/wp-json\/wp\/v2\/posts\/8992\/revisions\/8994"}],"wp:featuredmedia":[{"embeddable":true,"href":"https:\/\/politicapatagonica.com\/index.php\/wp-json\/wp\/v2\/media\/8993"}],"wp:attachment":[{"href":"https:\/\/politicapatagonica.com\/index.php\/wp-json\/wp\/v2\/media?parent=8992"}],"wp:term":[{"taxonomy":"category","embeddable":true,"href":"https:\/\/politicapatagonica.com\/index.php\/wp-json\/wp\/v2\/categories?post=8992"},{"taxonomy":"post_tag","embeddable":true,"href":"https:\/\/politicapatagonica.com\/index.php\/wp-json\/wp\/v2\/tags?post=8992"}],"curies":[{"name":"wp","href":"https:\/\/api.w.org\/{rel}","templated":true}]}}