{"id":8985,"date":"2026-04-29T19:31:09","date_gmt":"2026-04-29T19:31:09","guid":{"rendered":"https:\/\/politicapatagonica.com\/?p=8985"},"modified":"2026-04-29T22:59:41","modified_gmt":"2026-04-29T22:59:41","slug":"torres-anuncio-cambios-en-el-gabinete-con-la-incorporacion-de-gustavo-paz-en-economia-y-la-vuelta-de-sergio-wisky-en-salud","status":"publish","type":"post","link":"https:\/\/politicapatagonica.com\/index.php\/2026\/04\/29\/torres-anuncio-cambios-en-el-gabinete-con-la-incorporacion-de-gustavo-paz-en-economia-y-la-vuelta-de-sergio-wisky-en-salud\/","title":{"rendered":"Torres anunci\u00f3 cambios en el Gabinete con la incorporaci\u00f3n de Gustavo Paz en Econom\u00eda y la vuelta de Sergio Wisky en Salud"},"content":{"rendered":"\n<p><strong>El gobernador Ignacio &#8220;Nacho&#8221; Torres anunci\u00f3 una serie de modificaciones en el Gabinete provincial<\/strong>, en el marco de una nueva etapa de gesti\u00f3n, con el objetivo de seguir fortaleciendo el trabajo en \u00e1reas clave de la administraci\u00f3n p\u00fablica y consolidar una agenda centrada en resultados.<br>En ese sentido,<strong> Sergio Wisky asumir\u00e1 nuevamente como nuevo secretario de Salud de la provincia,<\/strong> en reemplazo de Denise Acosta,<strong> &#8220;con la premisa de fortalecer el sistema sanitario y mejorar la calidad de atenci\u00f3n en todo el territorio chubutense&#8221;,<\/strong> tal lo informado desde el Ejecutivo.<br>Por su parte, Miguel Arnaudo, quien hasta el momento se desempe\u00f1aba como ministro de Econom\u00eda, pasar\u00e1 a ocupar la presidencia del Instituto de Seguridad Social y Seguros (ISSyS), organismo central en la administraci\u00f3n de la obra social y el sistema previsional provincial, en reemplazo de Mart\u00edn Sterner.<br>En tanto,<strong> el Ministerio de Econom\u00eda ser\u00e1 encabezado por Gustavo Paz<\/strong>, quien tendr\u00e1 a su cargo continuar con el ordenamiento de las cuentas p\u00fablicas, sostener el equilibrio fiscal y acompa\u00f1ar el desarrollo productivo de la provincia.<br>Las designaciones <strong>se suman a la reciente incorporaci\u00f3n de V\u00edctor Candia como subsecretario de Asuntos Municipales<\/strong>, en reemplazo de Genaro P\u00e9rez.<br>Al respecto,<strong> Torres se\u00f1al\u00f3 que &#8220;estos cambios forman parte de una etapa de consolidaci\u00f3n de la gesti\u00f3n, donde es clave seguir fortaleciendo los equipos de trabajo para sostener el rumbo y avanzar con los desaf\u00edos que tenemos por delante&#8221;.<\/strong><\/p>\n\n\n\n<p><strong>Fuente: www.elchubut.com.ar<\/strong><\/p>\n","protected":false},"excerpt":{"rendered":"<p>El gobernador Ignacio &#8220;Nacho&#8221; Torres anunci\u00f3 una serie de modificaciones en el Gabinete provincial, en el marco de una nueva etapa de gesti\u00f3n, con el objetivo de seguir fortaleciendo el trabajo en \u00e1reas clave de la administraci\u00f3n p\u00fablica y consolidar una agenda centrada en resultados.En ese sentido, Sergio Wisky asumir\u00e1 nuevamente como nuevo secretario de [&hellip;]<\/p>\n","protected":false},"author":5,"featured_media":8986,"comment_status":"open","ping_status":"open","sticky":false,"template":"","format":"standard","meta":[],"categories":[14],"tags":[],"_links":{"self":[{"href":"https:\/\/politicapatagonica.com\/index.php\/wp-json\/wp\/v2\/posts\/8985"}],"collection":[{"href":"https:\/\/politicapatagonica.com\/index.php\/wp-json\/wp\/v2\/posts"}],"about":[{"href":"https:\/\/politicapatagonica.com\/index.php\/wp-json\/wp\/v2\/types\/post"}],"author":[{"embeddable":true,"href":"https:\/\/politicapatagonica.com\/index.php\/wp-json\/wp\/v2\/users\/5"}],"replies":[{"embeddable":true,"href":"https:\/\/politicapatagonica.com\/index.php\/wp-json\/wp\/v2\/comments?post=8985"}],"version-history":[{"count":2,"href":"https:\/\/politicapatagonica.com\/index.php\/wp-json\/wp\/v2\/posts\/8985\/revisions"}],"predecessor-version":[{"id":8990,"href":"https:\/\/politicapatagonica.com\/index.php\/wp-json\/wp\/v2\/posts\/8985\/revisions\/8990"}],"wp:featuredmedia":[{"embeddable":true,"href":"https:\/\/politicapatagonica.com\/index.php\/wp-json\/wp\/v2\/media\/8986"}],"wp:attachment":[{"href":"https:\/\/politicapatagonica.com\/index.php\/wp-json\/wp\/v2\/media?parent=8985"}],"wp:term":[{"taxonomy":"category","embeddable":true,"href":"https:\/\/politicapatagonica.com\/index.php\/wp-json\/wp\/v2\/categories?post=8985"},{"taxonomy":"post_tag","embeddable":true,"href":"https:\/\/politicapatagonica.com\/index.php\/wp-json\/wp\/v2\/tags?post=8985"}],"curies":[{"name":"wp","href":"https:\/\/api.w.org\/{rel}","templated":true}]}}