{"id":8981,"date":"2026-04-29T19:25:02","date_gmt":"2026-04-29T19:25:02","guid":{"rendered":"https:\/\/politicapatagonica.com\/?p=8981"},"modified":"2026-04-29T22:55:41","modified_gmt":"2026-04-29T22:55:41","slug":"residuos-rio-negro-avanza-hacia-un-modelo-regional-y-suma-tecnologia","status":"publish","type":"post","link":"https:\/\/politicapatagonica.com\/index.php\/2026\/04\/29\/residuos-rio-negro-avanza-hacia-un-modelo-regional-y-suma-tecnologia\/","title":{"rendered":"Residuos: R\u00edo Negro avanza hacia un modelo regional y suma tecnolog\u00eda"},"content":{"rendered":"\n<p><strong>El Gobierno de R\u00edo Negro firm\u00f3 una carta de intenci\u00f3n con la Agencia Francesa de Desarrollo (AFD) para avanzar en financiamiento internacional que permitir\u00e1 mejorar la gesti\u00f3n de residuos <\/strong>con una mirada regional, generando empleo y fortaleciendo el cuidado del ambiente en todo el territorio.&nbsp;El acuerdo fue encabezado por el Gobernador Alberto Weretilneck, junto al embajador de Francia en Argentina, Romain Nadal.<\/p>\n\n\n\n<p><strong>El proyecto se enmarca en el rumbo de desarrollo que impulsa la Provincia y propone un cambio estructural en la forma de abordar los residuos:<\/strong>&nbsp;dejar atr\u00e1s el esquema fragmentado por localidad para avanzar hacia un sistema regional, m\u00e1s eficiente y sustentable. En una primera etapa, se trabajar\u00e1 en seis municipios del Alto Valle, siempre respetando la mirada integrada que permitir\u00e1 optimizar recursos y mejorar resultados.<br><br><strong>Weretilneck<\/strong> concret\u00f3 la firma -acompa\u00f1ado por la secretaria de Estado de Energ\u00eda y Ambiente, Andrea Confini- y <strong>dio un paso fundamental hacia la instancia final del cr\u00e9dito, en el marco del proceso de aprobaci\u00f3n del financiamiento.<\/strong><br><br><strong>A partir de este financiamiento, se prev\u00e9 la construcci\u00f3n y mejora de centros ambientales, la optimizaci\u00f3n de la recolecci\u00f3n y transferencia<\/strong>, la incorporaci\u00f3n de nuevas tecnolog\u00edas para el tratamiento y la disposici\u00f3n final, y el cierre progresivo de basurales a cielo abierto.<br><br>Este avance es resultado directo de la misi\u00f3n de trabajo realizada d\u00edas atr\u00e1s, donde equipos t\u00e9cnicos de la Provincia consolidaron acuerdos vinculados a las condiciones del contrato<strong>. \u201cEs la confirmaci\u00f3n de una gesti\u00f3n concreta que permite a R\u00edo Negro avanzar hacia una inversi\u00f3n estrat\u00e9gica para transformar el sistema de residuos en todo el territorio\u201d,<\/strong> explic\u00f3 Weretilneck.<br><br><strong>El impacto es directo para las y los rionegrinos<\/strong>: mejores condiciones sanitarias, m\u00e1s eficiencia en los servicios urbanos, generaci\u00f3n de empleo local y un ambiente m\u00e1s cuidado. Se trata de una pol\u00edtica p\u00fablica que ordena un problema hist\u00f3rico con soluciones de escala y mirada de futuro.<br><br>Adem\u00e1s, esta iniciativa reafirma la capacidad de la Provincia para gestionar recursos y generar oportunidades, incluso en un contexto nacional complejo, priorizando respuestas propias y sostenibles en el tiempo. De esta manera, <strong>R\u00edo Negro consolida una pol\u00edtica ambiental de largo plazo, con financiamiento internacional y decisi\u00f3n pol\u00edtica,<\/strong> que pone en el centro los resultados y el bienestar de cada rionegrino y rionegrina.<br><br><strong>\u201cEsta iniciativa reafirma la capacidad de la Provincia para gestionar financiamiento internacional y transformarlo en obras, mejores servicios y nuevos puestos laborales, incluso en un contexto nacional complejo\u201d, destac\u00f3 el Gobernador.<\/strong><\/p>\n\n\n\n<p><strong>Fuente: www.elcordillerano.com.ar<\/strong><\/p>\n","protected":false},"excerpt":{"rendered":"<p>El Gobierno de R\u00edo Negro firm\u00f3 una carta de intenci\u00f3n con la Agencia Francesa de Desarrollo (AFD) para avanzar en financiamiento internacional que permitir\u00e1 mejorar la gesti\u00f3n de residuos con una mirada regional, generando empleo y fortaleciendo el cuidado del ambiente en todo el territorio.&nbsp;El acuerdo fue encabezado por el Gobernador Alberto Weretilneck, junto al [&hellip;]<\/p>\n","protected":false},"author":5,"featured_media":8982,"comment_status":"open","ping_status":"open","sticky":false,"template":"","format":"standard","meta":[],"categories":[13],"tags":[],"_links":{"self":[{"href":"https:\/\/politicapatagonica.com\/index.php\/wp-json\/wp\/v2\/posts\/8981"}],"collection":[{"href":"https:\/\/politicapatagonica.com\/index.php\/wp-json\/wp\/v2\/posts"}],"about":[{"href":"https:\/\/politicapatagonica.com\/index.php\/wp-json\/wp\/v2\/types\/post"}],"author":[{"embeddable":true,"href":"https:\/\/politicapatagonica.com\/index.php\/wp-json\/wp\/v2\/users\/5"}],"replies":[{"embeddable":true,"href":"https:\/\/politicapatagonica.com\/index.php\/wp-json\/wp\/v2\/comments?post=8981"}],"version-history":[{"count":2,"href":"https:\/\/politicapatagonica.com\/index.php\/wp-json\/wp\/v2\/posts\/8981\/revisions"}],"predecessor-version":[{"id":8988,"href":"https:\/\/politicapatagonica.com\/index.php\/wp-json\/wp\/v2\/posts\/8981\/revisions\/8988"}],"wp:featuredmedia":[{"embeddable":true,"href":"https:\/\/politicapatagonica.com\/index.php\/wp-json\/wp\/v2\/media\/8982"}],"wp:attachment":[{"href":"https:\/\/politicapatagonica.com\/index.php\/wp-json\/wp\/v2\/media?parent=8981"}],"wp:term":[{"taxonomy":"category","embeddable":true,"href":"https:\/\/politicapatagonica.com\/index.php\/wp-json\/wp\/v2\/categories?post=8981"},{"taxonomy":"post_tag","embeddable":true,"href":"https:\/\/politicapatagonica.com\/index.php\/wp-json\/wp\/v2\/tags?post=8981"}],"curies":[{"name":"wp","href":"https:\/\/api.w.org\/{rel}","templated":true}]}}