{"id":8977,"date":"2026-04-28T22:27:20","date_gmt":"2026-04-28T22:27:20","guid":{"rendered":"https:\/\/politicapatagonica.com\/?p=8977"},"modified":"2026-04-28T22:42:32","modified_gmt":"2026-04-28T22:42:32","slug":"impulsan-la-obligatoriedad-de-los-debates-publicos-entre-candidatos","status":"publish","type":"post","link":"https:\/\/politicapatagonica.com\/index.php\/2026\/04\/28\/impulsan-la-obligatoriedad-de-los-debates-publicos-entre-candidatos\/","title":{"rendered":"Impulsan la obligatoriedad de los debates p\u00fablicos entre candidatos en la provincia de Santa Cruz"},"content":{"rendered":"\n<p>Un proyecto de ley propone<strong>&nbsp;instaurar&nbsp;<\/strong>en la<strong>&nbsp;provincia de Santa Cruz la obligatoriedad de debates preelectorales p\u00fablicos entre candidatos<\/strong>&nbsp;a&nbsp;<strong>cargos electivos provinciales y municipales<\/strong>, con el objetivo de&nbsp;<strong>fortalecer la transparencia democr\u00e1tica<\/strong>&nbsp;y garantizar el<strong>&nbsp;acceso de la ciudadan\u00eda<\/strong>&nbsp;a las propuestas de gobierno.<\/p>\n\n\n\n<p>La iniciativa lleva la firma del diputado provincial&nbsp;<strong>Pedro Mu\u00f1oz&nbsp;<\/strong>(ARI-CC) y, seg\u00fan se detalla en el texto, la medida alcanza a \u201c<strong>candidatos a gobernador de la provincia de Santa Cruz<\/strong>; candidatos que encabecen las&nbsp;<strong>listas de diputados provinciales<\/strong>, elegidos en&nbsp;<strong>distrito \u00fanico provincial<\/strong>&nbsp;conforme el art\u00edculo 85 de la Constituci\u00f3n Provincial; candidatos que encabecen las&nbsp;<strong>listas de diputados por municipio<\/strong>; candidatos a&nbsp;<strong>intendentes municipales<\/strong>,y candidatos que encabecen las listas de&nbsp;<strong>concejales municipales<\/strong>\u201c.<\/p>\n\n\n\n<p>Asimismo, establece que \u201clos debates previstos en la presente ley<strong>&nbsp;son de car\u00e1cter obligatorio<\/strong>&nbsp;para todos los candidatos\u201d y que dicha obligaci\u00f3n rige \u201c<strong>a partir de la oficializaci\u00f3n de las candidaturas por el Tribunal Electoral Permanente<\/strong>&nbsp;de la provincia de Santa Cruz\u201d. En cuanto a la organizaci\u00f3n, se prev\u00e9 que el Tribunal Electoral convoque a los postulantes \u201c<strong>dentro de los cinco d\u00edas h\u00e1biles posteriores a la oficializaci\u00f3n definitiva de sus candidaturas<\/strong>, a fin de determinar su voluntad de participaci\u00f3n y consensuar los aspectos organizativos del debate\u201d.<\/p>\n\n\n\n<p>El proyecto tambi\u00e9n fija un r\u00e9gimen de sanciones para quienes incumplan con la asistencia. En ese sentido, se\u00f1ala que los candidatos que no participen \u201c<strong>no podr\u00e1n presentarse como candidatos a cargos electivos provinciales o municipales en las siguientes elecciones<\/strong>\u201c, adem\u00e1s de perder acceso a espacios de publicidad electoral gratuita. Asimismo, \u201cel espacio f\u00edsico que hubiera sido asignado al candidato o candidata ausente&nbsp;<strong>permanecer\u00e1 vac\u00edo durante el desarrollo del debate<\/strong>\u201d y la inasistencia ser\u00e1 registrada y difundida p\u00fablicamente.<\/p>\n\n\n\n<p>No obstante, contempla excepciones por causas de fuerza mayor, como \u201c<strong>enfermedad grave<\/strong>,<strong>&nbsp;duelo<\/strong>,<strong>&nbsp;caso fortuito&nbsp;<\/strong>u otra causa de&nbsp;<strong>an\u00e1loga gravedad<\/strong>\u201c, las cuales deber\u00e1n ser debidamente acreditadas ante el<strong>&nbsp;Tribunal Electoral<\/strong>&nbsp;con antelaci\u00f3n. En relaci\u00f3n al formato, la propuesta indica que se realizar\u00e1n al menos<strong>&nbsp;dos debates obligatorios<\/strong>&nbsp;para&nbsp;<strong>candidatos a gobernador y diputados provinciales por distrito \u00fanico<\/strong>, uno de ellos&nbsp;<strong>fuera de R\u00edo Gallegos<\/strong>, dentro del per\u00edodo comprendido entre \u201c<strong>los veinte y los siete d\u00edas anteriores a la fecha de los comicios<\/strong>\u201c. Para cargos municipales, se prev\u00e9 al menos un debate por localidad.<\/p>\n\n\n\n<p>La normativa tambi\u00e9n pone el foco en la difusi\u00f3n y el acceso p\u00fablico. Establece que los debates \u201c<strong>ser\u00e1n transmitidos en vivo<\/strong>, de manera <strong>obligatoria, por los medios de comunicaci\u00f3n de titularidad provincial o municipal\u201d <\/strong>y que la se\u00f1al estar\u00e1 disponible para medios privados de forma gratuita. Durante su emisi\u00f3n, \u201c<strong>se suspender\u00e1 la publicidad electoral en los medios audiovisuales<\/strong>\u201c.<\/p>\n\n\n\n<p>En materia de accesibilidad, se dispone la incorporaci\u00f3n de herramientas como \u201c<strong>interpretaci\u00f3n en Lengua de Se\u00f1as Argentina<\/strong>&nbsp;(LSA),&nbsp;<strong>subtitulado visible&nbsp;<\/strong>y audiodescripci\u00f3n cuando resulte t\u00e9cnicamente posible\u201d. Asimismo, el proyecto contempla la grabaci\u00f3n y archivo de los debates, los cuales deber\u00e1n estar disponibles de forma gratuita en sitios oficiales. El&nbsp;<strong>Tribunal Electoral Permanente<\/strong>&nbsp;ser\u00e1 la autoridad de aplicaci\u00f3n de la ley y tendr\u00e1 amplias facultades para reglamentar, organizar los debates y&nbsp;<strong>designar moderadores<\/strong>.<\/p>\n\n\n\n<p><strong>Fuente: laopinionaustral.com.ar<\/strong><\/p>\n","protected":false},"excerpt":{"rendered":"<p>Un proyecto de ley propone&nbsp;instaurar&nbsp;en la&nbsp;provincia de Santa Cruz la obligatoriedad de debates preelectorales p\u00fablicos entre candidatos&nbsp;a&nbsp;cargos electivos provinciales y municipales, con el objetivo de&nbsp;fortalecer la transparencia democr\u00e1tica&nbsp;y garantizar el&nbsp;acceso de la ciudadan\u00eda&nbsp;a las propuestas de gobierno. La iniciativa lleva la firma del diputado provincial&nbsp;Pedro Mu\u00f1oz&nbsp;(ARI-CC) y, seg\u00fan se detalla en el texto, la medida [&hellip;]<\/p>\n","protected":false},"author":5,"featured_media":8978,"comment_status":"open","ping_status":"open","sticky":false,"template":"","format":"standard","meta":[],"categories":[8],"tags":[],"_links":{"self":[{"href":"https:\/\/politicapatagonica.com\/index.php\/wp-json\/wp\/v2\/posts\/8977"}],"collection":[{"href":"https:\/\/politicapatagonica.com\/index.php\/wp-json\/wp\/v2\/posts"}],"about":[{"href":"https:\/\/politicapatagonica.com\/index.php\/wp-json\/wp\/v2\/types\/post"}],"author":[{"embeddable":true,"href":"https:\/\/politicapatagonica.com\/index.php\/wp-json\/wp\/v2\/users\/5"}],"replies":[{"embeddable":true,"href":"https:\/\/politicapatagonica.com\/index.php\/wp-json\/wp\/v2\/comments?post=8977"}],"version-history":[{"count":2,"href":"https:\/\/politicapatagonica.com\/index.php\/wp-json\/wp\/v2\/posts\/8977\/revisions"}],"predecessor-version":[{"id":8980,"href":"https:\/\/politicapatagonica.com\/index.php\/wp-json\/wp\/v2\/posts\/8977\/revisions\/8980"}],"wp:featuredmedia":[{"embeddable":true,"href":"https:\/\/politicapatagonica.com\/index.php\/wp-json\/wp\/v2\/media\/8978"}],"wp:attachment":[{"href":"https:\/\/politicapatagonica.com\/index.php\/wp-json\/wp\/v2\/media?parent=8977"}],"wp:term":[{"taxonomy":"category","embeddable":true,"href":"https:\/\/politicapatagonica.com\/index.php\/wp-json\/wp\/v2\/categories?post=8977"},{"taxonomy":"post_tag","embeddable":true,"href":"https:\/\/politicapatagonica.com\/index.php\/wp-json\/wp\/v2\/tags?post=8977"}],"curies":[{"name":"wp","href":"https:\/\/api.w.org\/{rel}","templated":true}]}}