{"id":8974,"date":"2026-04-28T22:23:17","date_gmt":"2026-04-28T22:23:17","guid":{"rendered":"https:\/\/politicapatagonica.com\/?p=8974"},"modified":"2026-04-28T22:23:18","modified_gmt":"2026-04-28T22:23:18","slug":"la-pampa-pionera-en-la-formacion-de-dirigentes-en-seguridad-social","status":"publish","type":"post","link":"https:\/\/politicapatagonica.com\/index.php\/2026\/04\/28\/la-pampa-pionera-en-la-formacion-de-dirigentes-en-seguridad-social\/","title":{"rendered":"La Pampa, pionera en la formaci\u00f3n de dirigentes en seguridad social\u00a0"},"content":{"rendered":"\n<p>Se puso en marcha en la\u00a0<strong>Facultad de Ciencias Econ\u00f3micas y Jur\u00eddicas de la UNLPam la Diplomatura en Gesti\u00f3n de Cajas de Previsi\u00f3n y Seguridad Social para Profesionales<\/strong>,<strong> un posgrado para la formaci\u00f3n de dirigentes.<\/strong><\/p>\n\n\n\n<p>De esta manera, La Pampa es pionera en la materia ya que es\u00a0<strong>el primer curso universitario en seguridad social de todo el pa\u00eds<\/strong>, con modalidad online, impulsado por\u00a0<strong>Caja Forense y la Coordinadora de Cajas de Previsi\u00f3n y Seguridad Social para Profesionales de la Rep\u00fablica Argentina<\/strong>.<\/p>\n\n\n\n<p>En el acto de inicio realizado por videoconferencia estuvo el decano de la unidad acad\u00e9mica,&nbsp;<strong>Francisco Marull<\/strong>; la secretaria general de la Coordinadora y vicepresidenta de Caja Forense,&nbsp;<strong>Sandra Abdo<\/strong>; y el director acad\u00e9mico,&nbsp;<strong>Sebasti\u00e1n Villa<\/strong>; adem\u00e1s de cursantes de distintos puntos del pa\u00eds.<\/p>\n\n\n\n<p>La Diplomatura fue una iniciativa de Abdo como titular de la Coordinadora y vicepresidenta de Caja Forense qui\u00e9n se lo propuso al decano Marull, generando un programa \u00fanico en el pa\u00eds para la gesti\u00f3n de cajas profesionales que sum\u00f3 t\u00e9cnicos docentes preparados en la materia como\u00a0<strong>Bernab\u00e9 S\u00e1nchez, Pablo Ch\u00e1vez y Rodrigo Villa<\/strong>.<\/p>\n\n\n\n<p><strong>Abdo subray\u00f3 la importancia del acuerdo institucional<\/strong>: &#8220;Es una gran satisfacci\u00f3n haber concretado con la Universidad Nacional de La Pampa un anhelo que ten\u00edamos desde hace muchos a\u00f1os en Caja Forense y la Coordinadora&#8221;.<\/p>\n\n\n\n<p>Advirti\u00f3 sobre el contexto actual: &#8220;Son\u00a0<strong>tiempos de resiliencia, de reformulaci\u00f3n y de crisis en la seguridad social en el mundo y m\u00e1s a\u00fan en nuestro sistema\u00a0<\/strong>y para afrontarlos necesitamos dirigentes y profesionales formados y capacitados&#8221;.<\/p>\n\n\n\n<p>&#8220;Es un&nbsp;<strong>imperativo formarnos como dirigentes y gestores de las cajas de previsi\u00f3n<\/strong>&#8220;, dijo y defendi\u00f3 el modelo: &#8220;Es un sistema donde los profesionales se autoadministran y generan la seguridad social para sus pares, y esto hay que defenderlo&#8221;.<\/p>\n\n\n\n<p>El decano Marull se\u00f1al\u00f3: &#8220;Estamos sumamente satisfechos y muy entusiasmados con poder acompa\u00f1ar esta propuesta, que nos pone como facultad en el lugar en el que queremos estar, atendiendo a las necesidades de la comunidad&#8221;. Adem\u00e1s, remarc\u00f3 que se trata de\u00a0<strong>&#8220;un \u00e1rea de vacancia&#8221; en la que la Universidad p\u00fablica puede aportar y valor\u00f3 el trabajo en el dise\u00f1o curricular<\/strong>.<\/p>\n\n\n\n<p>Por su parte, el director acad\u00e9mico de la diplomatura resalt\u00f3 el car\u00e1cter innovador de la propuesta. &#8220;Es una oferta acad\u00e9mica \u00fanica, que no la ofrece ninguna otra universidad del pa\u00eds ni del mundo, porque esta problem\u00e1tica es muy particular de la Argentina&#8221;, afirm\u00f3.<\/p>\n\n\n\n<p>Explic\u00f3 el enfoque interdisciplinario: &#8220;Lo mejor que podemos hacer es tener gestiones capacitadas desde el punto de vista t\u00e9cnico&#8221;, y agreg\u00f3 qu<strong>e la formaci\u00f3n incluir\u00e1 contenidos en derecho previsional, comunicaci\u00f3n, ciencia actuarial, contabilidad e inversi\u00f3n de fondos.<\/strong><\/p>\n\n\n\n<p>La diplomatura tendr\u00e1 una duraci\u00f3n de siete meses, con siete m\u00f3dulos, clases asincr\u00f3nicas, encuentros sincr\u00f3nicos y un trabajo final integrador. &#8220;Va a dar un salto de nivel importante en la tarea diaria que llevan a cabo&#8221;, concluy\u00f3.<\/p>\n\n\n\n<p><strong>Fuente: www.eldiariodelapampa.com.ar<\/strong><\/p>\n","protected":false},"excerpt":{"rendered":"<p>Se puso en marcha en la\u00a0Facultad de Ciencias Econ\u00f3micas y Jur\u00eddicas de la UNLPam la Diplomatura en Gesti\u00f3n de Cajas de Previsi\u00f3n y Seguridad Social para Profesionales, un posgrado para la formaci\u00f3n de dirigentes. De esta manera, La Pampa es pionera en la materia ya que es\u00a0el primer curso universitario en seguridad social de todo [&hellip;]<\/p>\n","protected":false},"author":5,"featured_media":8975,"comment_status":"open","ping_status":"open","sticky":false,"template":"","format":"standard","meta":[],"categories":[10],"tags":[],"_links":{"self":[{"href":"https:\/\/politicapatagonica.com\/index.php\/wp-json\/wp\/v2\/posts\/8974"}],"collection":[{"href":"https:\/\/politicapatagonica.com\/index.php\/wp-json\/wp\/v2\/posts"}],"about":[{"href":"https:\/\/politicapatagonica.com\/index.php\/wp-json\/wp\/v2\/types\/post"}],"author":[{"embeddable":true,"href":"https:\/\/politicapatagonica.com\/index.php\/wp-json\/wp\/v2\/users\/5"}],"replies":[{"embeddable":true,"href":"https:\/\/politicapatagonica.com\/index.php\/wp-json\/wp\/v2\/comments?post=8974"}],"version-history":[{"count":1,"href":"https:\/\/politicapatagonica.com\/index.php\/wp-json\/wp\/v2\/posts\/8974\/revisions"}],"predecessor-version":[{"id":8976,"href":"https:\/\/politicapatagonica.com\/index.php\/wp-json\/wp\/v2\/posts\/8974\/revisions\/8976"}],"wp:featuredmedia":[{"embeddable":true,"href":"https:\/\/politicapatagonica.com\/index.php\/wp-json\/wp\/v2\/media\/8975"}],"wp:attachment":[{"href":"https:\/\/politicapatagonica.com\/index.php\/wp-json\/wp\/v2\/media?parent=8974"}],"wp:term":[{"taxonomy":"category","embeddable":true,"href":"https:\/\/politicapatagonica.com\/index.php\/wp-json\/wp\/v2\/categories?post=8974"},{"taxonomy":"post_tag","embeddable":true,"href":"https:\/\/politicapatagonica.com\/index.php\/wp-json\/wp\/v2\/tags?post=8974"}],"curies":[{"name":"wp","href":"https:\/\/api.w.org\/{rel}","templated":true}]}}