{"id":8963,"date":"2026-04-27T21:06:01","date_gmt":"2026-04-27T21:06:01","guid":{"rendered":"https:\/\/politicapatagonica.com\/?p=8963"},"modified":"2026-04-27T21:06:02","modified_gmt":"2026-04-27T21:06:02","slug":"rolando-figueroa-entrego-becas-a-deportistas-de-mediano-y-alto-rendimiento-de-neuquen","status":"publish","type":"post","link":"https:\/\/politicapatagonica.com\/index.php\/2026\/04\/27\/rolando-figueroa-entrego-becas-a-deportistas-de-mediano-y-alto-rendimiento-de-neuquen\/","title":{"rendered":"Rolando Figueroa entreg\u00f3 becas a deportistas de mediano y alto rendimiento de Neuqu\u00e9n"},"content":{"rendered":"\n<p id=\"p-1777314313348-30598\">El gobernador\u00a0<strong>Rolando Figueroa<\/strong>\u00a0entreg\u00f3<strong> becas a deportistas neuquinos<\/strong> y destac\u00f3 que los <strong>programas de Asistencia al Mediano y Alto Rendimiento Deportivo<\/strong> y de becas educativas\u00a0<strong>Gregorio \u00c1lvarez<\/strong>\u00a0deben transformarse en \u201cpol\u00edticas de Estado\u201d que trasciendan \u201clas gestiones y los per\u00edodos pol\u00edticos\u201d.<\/p>\n\n\n\n<p id=\"p-1777314313348-28309\">Durante el acto, se reconoci\u00f3 a deportistas neuquinos de mediano y alto rendimiento, que\u00a0percibir\u00e1n entre<strong> 300 mil y 500 mil pesos <\/strong>mensuales. El<strong>\u00a0beneficio\u00a0<\/strong>es compatible con las\u00a0<em>becas educativas<\/em>\u00a0y, adem\u00e1s, <strong>se instrument\u00f3 un\u00a0incentivo econ\u00f3mico especial denominado \u201cNeuqu\u00e9n en el podio\u201d,<\/strong> que premiar\u00e1 las actuaciones destacadas en competencias oficiales de los deportistas de la provincia.<\/p>\n\n\n\n<p id=\"p-1777314313348-98272\">La edici\u00f3n 2026 del programa demandar\u00e1 una<strong>\u00a0inversi\u00f3n\u00a0<\/strong>superior a los 250 millones de pesos y\u00a0beneficiar\u00e1 a<strong> 56 deportistas<\/strong>.<strong> En la categor\u00eda Ol\u00edmpico-Panamericano, hay cinco deportistas que cobrar\u00e1n 500 mil pesos por mes.<\/strong><\/p>\n\n\n\n<p id=\"p-1777317932499-52262\">En Sudamericano-Mundial, son 36 los que percibir\u00e1n 400 mil pesos mensuales. Mientras que en Proyecci\u00f3n Deportiva los 15 incluidos recibir\u00e1n 300 mil pesos mensuales. Las disciplinas alcanzadas este a\u00f1o son atletismo, b\u00e1dminton, b\u00e1squet, canotaje, ciclismo, esqu\u00ed, gimnasia art\u00edstica, handball, judo, levantamiento ol\u00edmpico, nataci\u00f3n, pat\u00edn, hockey, taekwondo, BMX, tiro con arco, v\u00f3leibol y deportes adaptados.<\/p>\n\n\n\n<h2 id=\"p-1777314382662-24552\">&#8220;El Estado ayuda al que lo merece&#8221;<\/h2>\n\n\n\n<p id=\"p-1777314313348-92390\"><strong>\u201cLa distribuci\u00f3n de becas debe ser objetiva\u201d, dijo el gobernador <\/strong>y remarc\u00f3 que en provincia \u201chemos dejado los acomodos de lado\u201d. Traz\u00f3 un paralelismo con las<strong>\u00a0becas educativas<\/strong>\u00a0Gregorio \u00c1lvarez, que alcanzan a 29 mil estudiantes neuquinos, y recalc\u00f3 que \u201cson todas con par\u00e1metros objetivos\u201d. \u201cEso da seguridad a que todo el Estado neuquino est\u00e1 ayudando a quien verdaderamente merece\u201d, dijo.<\/p>\n\n\n\n<p id=\"p-1777314313348-7498\"><strong>\u201cLos chicos que\u00a0van a recibir becas es porque est\u00e1n cumpliendo la meta\u00a0que nosotros hemos puesto\u201d, indic\u00f3 el gobernador y a\u00f1adi\u00f3 que las becas educativas y deportivas \u201cno pueden ser incompatibles\u201d<\/strong>. \u201cPuede existir un chico que necesite una beca (Gregorio \u00c1lvarez) y es un excelente deportista\u201d, sostuvo y asegur\u00f3 que en esos casos \u201cva a recibir las dos\u201d.<\/p>\n\n\n\n<h2 id=\"p-1777314442086-30190\">Para deportistas y universitarios<\/h2>\n\n\n\n<p id=\"p-1777314313348-76542\">\u201cEn el mejor de los casos, si es universitario y es un deportista ol\u00edmpico, va a recibir durante los 12 meses un mill\u00f3n de pesos por mes\u201d, detall\u00f3 y expres\u00f3: \u201cHace a la posibilidad de estudiar de otra manera\u201d. <strong>\u201cTodo este programa tiene que transformarse siempre en pol\u00edticas de Estado\u201d, indic\u00f3 y agreg\u00f3: \u201cNadie lo debe cambiar. Debe trascender las gestiones y los per\u00edodos pol\u00edticos\u201d.<\/strong><\/p>\n\n\n\n<p id=\"p-1777314313348-68573\">\u201cLa beca todos los meses ayuda mucho. El reconocimiento ayuda mucho, y tambi\u00e9n el reconocer el podio es importante\u201d, se\u00f1al\u00f3 el mandatario provincial.<strong> Dijo que el incentivo para los resultados destacados es importante porque \u201custedes son espejos de mucha gente, a\u00fan sin propon\u00e9rselo\u201d.<\/strong><\/p>\n\n\n\n<p id=\"p-1777314313348-56016\">\u201cEl chico que quiere practicar deporte o que est\u00e1 en la escuela con ustedes, los est\u00e1 mirando\u201d, indic\u00f3 y consider\u00f3 que \u201ces importante que esos espejos est\u00e9n bien y que se conozca qui\u00e9nes son, para poder tener muchos m\u00e1s chicos que puedan lograr el desarrollo que lograron ustedes con much\u00edsimo sacrificio\u201d.<\/p>\n\n\n\n<h2 id=\"p-1777314502798-76314\">Obras deportivas<\/h2>\n\n\n\n<p id=\"p-1777314313348-96375\"><strong>Figueroa indic\u00f3 que es fundamental \u201creforzar las bases\u201d y contribuir al trabajo de las instituciones deportivas<\/strong>. Destac\u00f3 el programa provincial Clubes Sociales, que permite a los clubes mejorar su infraestructura a partir de la asistencia econ\u00f3mica del Estado.<\/p>\n\n\n\n<p id=\"p-1777314313348-56453\">Por otra parte, dijo que \u201ctener una pileta ol\u00edmpica es importante\u201d y anunci\u00f3 que se iniciar\u00e1 este a\u00f1o. Tambi\u00e9n record\u00f3 que se construir\u00e1 una pileta semiol\u00edmpica en cada una de las regiones de la provincia.<\/p>\n\n\n\n<p id=\"p-1777314313348-32943\">Por \u00faltimo, record\u00f3 que cuando asumi\u00f3 como secretario de Deportes en 2004 \u201cel 80% del presupuesto de la secretar\u00eda se iba en transporte. Claro, cuando vos entr\u00e1s a averiguar qui\u00e9nes prestaban el servicio de transporte, hab\u00eda muchos dirigentes. Entonces, \u00bfqu\u00e9 es lo que les gustaba? Sacar solo de viaje, pero no hab\u00eda ning\u00fan tipo de inversi\u00f3n en otra cosa\u201d. \u201cTenemos que optimizar la inversi\u00f3n p\u00fablica, y en eso tambi\u00e9n nos tienen que ayudar\u201d, les dijo a los deportistas.<\/p>\n\n\n\n<h2 id=\"p-1777314549011-2248\">Programa<\/h2>\n\n\n\n<p id=\"p-1777314313348-99053\">Por su parte,<strong> la ministra de Juventud, Deportes y Cultura<\/strong>,\u00a0<strong>Josefina Codermatz<\/strong>\u00a0explic\u00f3 que este a\u00f1o el programa introdujo mejoras en funci\u00f3n de lo que se fue dialogando con los deportistas becados en ediciones anteriores.<\/p>\n\n\n\n<p id=\"p-1777314313348-53670\"><strong>\u201cEl deporte en Neuqu\u00e9n no es solo competir, tambi\u00e9n son valores, disciplina, constancia y esfuerzo\u201d, dijo y consider\u00f3 que \u201cmuchas veces el talento no es lo \u00fanico que deben tener para poder competir y representarnos a nivel nacional e internacional, sino que se necesita un acompa\u00f1amiento t\u00e9cnico, de sus familias, y una decisi\u00f3n de gobierno clara, que es acompa\u00f1ar a los deportistas\u201d.<\/strong><\/p>\n\n\n\n<p id=\"p-1777314313348-45472\">Se\u00f1al\u00f3 que el objetivo del programa es que<strong> \u201csu foco est\u00e9 puesto en la competencia, en entrenar y competir\u201d,<\/strong> y que \u201ceste acompa\u00f1amiento econ\u00f3mico les pueda dar previsibilidad,\u00a0apoyo y respaldo para que se puedan concentrar en la competencia\u201d.<\/p>\n\n\n\n<p id=\"p-1777314313348-38641\">Codermatz record\u00f3 que en a\u00f1os anteriores \u201cse contemplaba un monto fijo de dinero por 10 meses\u201d.<strong> \u201cEste a\u00f1o lo cambiamos. Van a percibir la beca durante los 12 meses del a\u00f1o, porque entendemos que ustedes compiten, entrenan y trabajan los 12 meses del a\u00f1o\u201d,<\/strong> agreg\u00f3. Adem\u00e1s, destac\u00f3 que tambi\u00e9n recibir\u00e1n asistencia t\u00e9cnica del equipo de nutricionistas, psic\u00f3logos, kinesi\u00f3logos y evaluadores.<\/p>\n\n\n\n<p><strong>Fuente: www.lmneuquen.com<\/strong><\/p>\n","protected":false},"excerpt":{"rendered":"<p>El gobernador\u00a0Rolando Figueroa\u00a0entreg\u00f3 becas a deportistas neuquinos y destac\u00f3 que los programas de Asistencia al Mediano y Alto Rendimiento Deportivo y de becas educativas\u00a0Gregorio \u00c1lvarez\u00a0deben transformarse en \u201cpol\u00edticas de Estado\u201d que trasciendan \u201clas gestiones y los per\u00edodos pol\u00edticos\u201d. Durante el acto, se reconoci\u00f3 a deportistas neuquinos de mediano y alto rendimiento, que\u00a0percibir\u00e1n entre 300 mil [&hellip;]<\/p>\n","protected":false},"author":5,"featured_media":8964,"comment_status":"open","ping_status":"open","sticky":false,"template":"","format":"standard","meta":[],"categories":[9],"tags":[],"_links":{"self":[{"href":"https:\/\/politicapatagonica.com\/index.php\/wp-json\/wp\/v2\/posts\/8963"}],"collection":[{"href":"https:\/\/politicapatagonica.com\/index.php\/wp-json\/wp\/v2\/posts"}],"about":[{"href":"https:\/\/politicapatagonica.com\/index.php\/wp-json\/wp\/v2\/types\/post"}],"author":[{"embeddable":true,"href":"https:\/\/politicapatagonica.com\/index.php\/wp-json\/wp\/v2\/users\/5"}],"replies":[{"embeddable":true,"href":"https:\/\/politicapatagonica.com\/index.php\/wp-json\/wp\/v2\/comments?post=8963"}],"version-history":[{"count":1,"href":"https:\/\/politicapatagonica.com\/index.php\/wp-json\/wp\/v2\/posts\/8963\/revisions"}],"predecessor-version":[{"id":8965,"href":"https:\/\/politicapatagonica.com\/index.php\/wp-json\/wp\/v2\/posts\/8963\/revisions\/8965"}],"wp:featuredmedia":[{"embeddable":true,"href":"https:\/\/politicapatagonica.com\/index.php\/wp-json\/wp\/v2\/media\/8964"}],"wp:attachment":[{"href":"https:\/\/politicapatagonica.com\/index.php\/wp-json\/wp\/v2\/media?parent=8963"}],"wp:term":[{"taxonomy":"category","embeddable":true,"href":"https:\/\/politicapatagonica.com\/index.php\/wp-json\/wp\/v2\/categories?post=8963"},{"taxonomy":"post_tag","embeddable":true,"href":"https:\/\/politicapatagonica.com\/index.php\/wp-json\/wp\/v2\/tags?post=8963"}],"curies":[{"name":"wp","href":"https:\/\/api.w.org\/{rel}","templated":true}]}}