{"id":8724,"date":"2026-03-13T21:45:35","date_gmt":"2026-03-13T21:45:35","guid":{"rendered":"https:\/\/politicapatagonica.com\/?p=8724"},"modified":"2026-03-13T23:32:31","modified_gmt":"2026-03-13T23:32:31","slug":"no-cuenta-con-recursos-alerta-en-el-pj-de-neuquen-por-el-operativo-de-las-internas-este-domingo","status":"publish","type":"post","link":"https:\/\/politicapatagonica.com\/index.php\/2026\/03\/13\/no-cuenta-con-recursos-alerta-en-el-pj-de-neuquen-por-el-operativo-de-las-internas-este-domingo\/","title":{"rendered":"&#8220;No cuenta con recursos&#8221;: alerta en el PJ de Neuqu\u00e9n por el operativo de las internas este domingo"},"content":{"rendered":"\n<p>La Junta Electoral del&nbsp;<strong>Partido Justicialista de Neuqu\u00e9n<\/strong>&nbsp;describi\u00f3<strong>&nbsp;un complejo escenario econ\u00f3mico y log\u00edstico&nbsp;<\/strong>para organizar las elecciones internas de este domingo 15 de marzo.<\/p>\n\n\n\n<p>Aunque los comicios siguen en pie, el \u00f3rgano partidario encargado de su realizaci\u00f3n emiti\u00f3 un comunicado ayer en el que mencion\u00f3&nbsp;<strong>una serie de dificultades organizativas<\/strong>, principalmente por la falta de recursos a lo largo del proceso.<\/p>\n\n\n\n<p>Lo hizo en una respuesta a un requerimiento de la Lista 10 de Peronismo para la Victoria, donde se le solicitaba un informe integral sobre el desarrollo de las elecciones,&nbsp;<strong>desde la distribuci\u00f3n de las urnas y los padrones electorales hasta el escrutinio y la comunicaci\u00f3n de los resultados.<\/strong><\/p>\n\n\n\n<h2>Lo que se elige este domingo<\/h2>\n\n\n\n<hr class=\"wp-block-separator has-alpha-channel-opacity\"\/>\n\n\n\n<p>Luego de un 2025 dif\u00edcil, con intimaciones y un magro resultado en las elecciones de octubre, el partido&nbsp;<strong>convoc\u00f3 a una interna para renovar sus cargos provinciales y locales<\/strong>&nbsp;este mes de marzo.<\/p>\n\n\n\n<p>Los m\u00e1s de 20.000 afiliados en condiciones de sufragar definir\u00e1n, adem\u00e1s de la presidencia del espacio,&nbsp;<strong>la distribuci\u00f3n del Consejo Provincial, el Congreso Partidario y 36 consejos locales.<\/strong><\/p>\n\n\n\n<p>De las tres listas que se hab\u00edan inscripto originalmente para la disputa por la conducci\u00f3n,&nbsp;<strong>dos siguen en competencia hasta el momento.<\/strong><\/p>\n\n\n\n<p>Una de ellas es la de Peronismo para la Victoria, con Juan Domingo &#8220;Chule&#8221; Linares como candidato. La otra corresponde a Peronismo Territorial que, de no haber novedades judiciales a \u00faltima hora, tambi\u00e9n ser\u00e1 de la partida.<\/p>\n\n\n\n<p>Esta \u00faltima lista lleva como primer postulante al intendente de Vista Alegre, Jos\u00e9 Asaad, el intendente de Vista Alegre que apareci\u00f3 junto a una treintena de afiliados en un pedido de expulsi\u00f3n por haber participado con otros espacios en 2023.<\/p>\n\n\n\n<p>La solicitud, rechazada en una primera instancia, encontr\u00f3 el visto bueno de la C\u00e1mara Nacional Electoral. De nuevo en la Justicia Federal de Neuqu\u00e9n,<strong>&nbsp;la expectativa era que la jueza Carolina Pandolfi volviera a pronunciarse sobre el planteo.<\/strong><\/p>\n\n\n\n<p>Fuentes de Peronismo Territorial explicaron que, hasta el mediod\u00eda de este viernes,<strong>&nbsp;no hab\u00eda novedades sobre una nueva sentencia de la magistrada<\/strong>. Este sector cuenta con varios peronistas alineados al gobierno de Rolando Figueroa y, a nivel interno,<strong>&nbsp;es opositor al actual oficialismo, m\u00e1s cercano al exsenador Oscar Parrilli.<\/strong><\/p>\n\n\n\n<h2>\u00abLos recursos no han sido garantizados\u00bb<\/h2>\n\n\n\n<hr class=\"wp-block-separator has-alpha-channel-opacity\"\/>\n\n\n\n<p>En ese contexto, la Junta Electoral emiti\u00f3 un breve pero contundente comunicado, en el que manifest\u00f3 preocupaci\u00f3n sobre la disponibilidad de recursos para las elecciones del domingo.<\/p>\n\n\n\n<p><strong>El \u00f3rgano electoral que tiene como presidente a Ernesto Lagos expres\u00f3 especial inquietud sobre los procedimientos b\u00e1sicos para garantizar el comicio<\/strong>. Entre ellos, <strong>mencion\u00f3 la distribuci\u00f3n de las urnas, el alquiler de los centros de votaci\u00f3n (principalmente escuelas) y la adquisici\u00f3n de los elementos de librer\u00eda para las autoridades de mesa.<\/strong><\/p>\n\n\n\n<p>A lo anterior sum\u00f3 las fajas para las urnas, la impresi\u00f3n de los padrones y las bolsas de seguridad.<\/p>\n\n\n\n<p>Al d\u00eda de la fecha dichos recursos no han sido garantizados, circunstancia que ha generado limitaciones operativas para esta Junta Electoral en la implementaci\u00f3n de las tareas organizativas del proceso electoral, se indic\u00f3.<\/p>\n\n\n\n<p>De acuerdo a la Junta,&nbsp;<strong>la escasez de recursos fue planteada en su momento a la presidencia del PJ<\/strong>. Sin embargo, a pesar de la cercan\u00eda de la fecha, nunca se emiti\u00f3 una respuesta favorable, afirm\u00f3.<\/p>\n\n\n\n<p>Agreg\u00f3 que, sin cambios a la vista, varios de los establecimientos previstos para el acto electoral&nbsp;<strong>&#8220;deber\u00e1n ser revisados y eventualmente modificados<\/strong>&#8220;, ya que la organizaci\u00f3n &#8220;no cuenta con recursos para afrontar los costos log\u00edsticos vinculados&#8221;.<\/p>\n\n\n\n<p>De todas formas, desde la Junta aseguraron que continuar\u00e1n &#8220;desarrollando las tareas necesarias para garantizar el normal desarrollo del proceso electoral y el pleno ejercicio del derecho al sufragio de las afiliadas y afiliados del Partido Justicialista&#8221;.<\/p>\n\n\n\n<p><strong>Fuente: www.rionegro.com.ar<\/strong><\/p>\n","protected":false},"excerpt":{"rendered":"<p>La Junta Electoral del&nbsp;Partido Justicialista de Neuqu\u00e9n&nbsp;describi\u00f3&nbsp;un complejo escenario econ\u00f3mico y log\u00edstico&nbsp;para organizar las elecciones internas de este domingo 15 de marzo. Aunque los comicios siguen en pie, el \u00f3rgano partidario encargado de su realizaci\u00f3n emiti\u00f3 un comunicado ayer en el que mencion\u00f3&nbsp;una serie de dificultades organizativas, principalmente por la falta de recursos a lo [&hellip;]<\/p>\n","protected":false},"author":5,"featured_media":8725,"comment_status":"open","ping_status":"open","sticky":false,"template":"","format":"standard","meta":[],"categories":[9],"tags":[],"_links":{"self":[{"href":"https:\/\/politicapatagonica.com\/index.php\/wp-json\/wp\/v2\/posts\/8724"}],"collection":[{"href":"https:\/\/politicapatagonica.com\/index.php\/wp-json\/wp\/v2\/posts"}],"about":[{"href":"https:\/\/politicapatagonica.com\/index.php\/wp-json\/wp\/v2\/types\/post"}],"author":[{"embeddable":true,"href":"https:\/\/politicapatagonica.com\/index.php\/wp-json\/wp\/v2\/users\/5"}],"replies":[{"embeddable":true,"href":"https:\/\/politicapatagonica.com\/index.php\/wp-json\/wp\/v2\/comments?post=8724"}],"version-history":[{"count":2,"href":"https:\/\/politicapatagonica.com\/index.php\/wp-json\/wp\/v2\/posts\/8724\/revisions"}],"predecessor-version":[{"id":8728,"href":"https:\/\/politicapatagonica.com\/index.php\/wp-json\/wp\/v2\/posts\/8724\/revisions\/8728"}],"wp:featuredmedia":[{"embeddable":true,"href":"https:\/\/politicapatagonica.com\/index.php\/wp-json\/wp\/v2\/media\/8725"}],"wp:attachment":[{"href":"https:\/\/politicapatagonica.com\/index.php\/wp-json\/wp\/v2\/media?parent=8724"}],"wp:term":[{"taxonomy":"category","embeddable":true,"href":"https:\/\/politicapatagonica.com\/index.php\/wp-json\/wp\/v2\/categories?post=8724"},{"taxonomy":"post_tag","embeddable":true,"href":"https:\/\/politicapatagonica.com\/index.php\/wp-json\/wp\/v2\/tags?post=8724"}],"curies":[{"name":"wp","href":"https:\/\/api.w.org\/{rel}","templated":true}]}}