{"id":8721,"date":"2026-03-13T21:39:32","date_gmt":"2026-03-13T21:39:32","guid":{"rendered":"https:\/\/politicapatagonica.com\/?p=8721"},"modified":"2026-03-13T23:29:31","modified_gmt":"2026-03-13T23:29:31","slug":"amplio-respaldo-politico-y-sindical-frente-a-la-intervencion-nacional","status":"publish","type":"post","link":"https:\/\/politicapatagonica.com\/index.php\/2026\/03\/13\/amplio-respaldo-politico-y-sindical-frente-a-la-intervencion-nacional\/","title":{"rendered":"Amplio respaldo pol\u00edtico y sindical frente a la intervenci\u00f3n nacional del Puerto de Ushuaia"},"content":{"rendered":"\n<p><br>Cuando <strong>la intervenci\u00f3n al Puerto de Ushuaia <\/strong>dispuesta Miguel I\u00f1aki Arreseigor, Director Ejecutivo de la Agencia Nacional de Puertos y Navegaci\u00f3n, <strong>est\u00e1 a punto de cumplir 60 d\u00edas, <\/strong>El gobernador <strong>Gustavo Melella recibi\u00f3 en la Casa de Gobierno a representantes del sector portuario, dirigentes sindicales nacionales y referentes pol\u00edticos nucleados en el Foro Patag\u00f3nico<\/strong> por la Soberan\u00eda Nacional, en un encuentro marcado por la preocupaci\u00f3n frente a la medida dispuesta por el Gobierno nacional. Durante la reuni\u00f3n se expres\u00f3 un fuerte respaldo institucional y gremial a la postura del Ejecutivo provincial y se analizaron las consecuencias pol\u00edticas, jur\u00eddicas y laborales de la medida.<\/p>\n\n\n\n<p><strong>Participaron del encuentro referentes de distintos espacios vinculados a la actividad portuaria y al movimiento sindical. Entre ellos estuvieron Julio C. Urien, de FIPCA, y Ernesto Paillalef, del Movimiento Evita, ambos integrantes del Foro Patag\u00f3nico por la Soberan\u00eda Nacional. Tambi\u00e9n asistieron Hugo \u201cCachorro\u201d Godoy, secretario general de la CTA Aut\u00f3noma; Hugo Yasky, diputado nacional y titular de la CTA de los Trabajadores; y representantes del Instituto de Log\u00edstica y Puertos de la CTA Aut\u00f3noma, junto a dirigentes de gremios portuarios y estatales.<\/strong><\/p>\n\n\n\n<p>La reuni\u00f3n cont\u00f3 adem\u00e1s con la presencia de representantes de la Comisi\u00f3n Nacional de APDFA, como Artemio Zugriategui y Ricardo Alonso, y de Sandro Asar, secretario general de la Seccional Atl\u00e1ntico Sur de ese sindicato. Tambi\u00e9n participaron dirigentes del Sindicato Unido de Trabajadores de Administraciones Portuarias (SUTAP), encabezados por su secretario general nacional Adolfo Barja y por Nicol\u00e1s Barja, titular del gremio en la provincia de Buenos Aires. A la convocatoria se sumaron Rodolfo Aguiar, secretario general nacional de ATE; la ex diputada nacional Silvia Horne; Jos\u00e9 Lojo, del MP25; y Gast\u00f3n Harispe, del Peronismo de la Soberan\u00eda.<\/p>\n\n\n\n<p><strong>En representaci\u00f3n del gobierno fueguino estuvieron la vicegobernadora M\u00f3nica Urquiza<\/strong>; la senadora nacional Cristina L\u00f3pez; el presidente de la Direcci\u00f3n Provincial de Puertos, Roberto Murcia; y el secretario Legal y T\u00e9cnico de la provincia, Emiliano Fossatto.<\/p>\n\n\n\n<p><strong>Durante el encuentro se analizaron las implicancias institucionales de la intervenci\u00f3n<\/strong>, que gener\u00f3 una fuerte controversia en torno a las atribuciones del Gobierno nacional sobre organismos provinciales. Seg\u00fan plantearon los participantes, la medida dej\u00f3 adem\u00e1s a unos 140 trabajadores portuarios sin poder ingresar a sus puestos de trabajo, lo que profundiz\u00f3 la tensi\u00f3n pol\u00edtica y sindical.<\/p>\n\n\n\n<p><strong>Melella expuso ante los presentes un informe detallado sobre las acciones emprendidas por el Ejecutivo provincial para enfrentar lo que defini\u00f3 como un avance sobre la autonom\u00eda de Tierra del Fuego<\/strong>. En ese marco, sostuvo que la provincia defender\u00e1 sus competencias y los intereses de la actividad portuaria frente a lo que consider\u00f3 un avasallamiento de la soberan\u00eda provincial.<\/p>\n\n\n\n<p>Desde el sector gremial tambi\u00e9n se manifestaron fuertes cr\u00edticas a la intervenci\u00f3n. <strong>El representante de APDFA, Ricardo Alonso, asegur\u00f3 que el sindicato se opuso desde el primer momento a la medida al considerarla \u201cileg\u00edtima, ilegal, improcedente e inconstitucional\u201d.<\/strong> Seg\u00fan explic\u00f3, no existe antecedente de que un organismo nacional intervenga una entidad provincial sin una decisi\u00f3n formal del Poder Ejecutivo nacional, como podr\u00eda ser un decreto de necesidad y urgencia firmado por el Presidente.<\/p>\n\n\n\n<p>Alonso sostuvo adem\u00e1s que la intervenci\u00f3n<strong> implica una invasi\u00f3n de la jurisdicci\u00f3n provincial<\/strong> y ratific\u00f3 el respaldo del gremio al gobierno fueguino. En ese sentido, remarc\u00f3 que el conflicto tambi\u00e9n afecta de manera directa a los trabajadores portuarios, quienes quedaron impedidos de desarrollar sus tareas habituales.<\/p>\n\n\n\n<p>Por su parte, el presidente del Consejo Portuario Argentino, Jos\u00e9 Mar\u00eda Lojo, calific\u00f3 el encuentro como \u201cmuy positivo\u201d y destac\u00f3 la importancia de contar con informaci\u00f3n directa por parte del gobernador sobre la situaci\u00f3n. Seg\u00fan indic\u00f3, comprender el contexto permitir\u00e1 a los distintos actores del sistema portuario colaborar en la b\u00fasqueda de una salida institucional al conflicto.<\/p>\n\n\n\n<p>Lojo advirti\u00f3 adem\u00e1s que<strong> lo ocurrido en Tierra del Fuego podr\u00eda convertirse en un antecedente complejo para el sistema portuario nacional si se consolida un mecanismo de intervenci\u00f3n que, seg\u00fan afirm\u00f3, vulnera leyes y procedimientos vigentes y avanza sobre recursos que pertenecen a las provincias<\/strong>.<\/p>\n\n\n\n<p>Desde APDFA, Artemio Zugriategui tambi\u00e9n valor\u00f3 la reuni\u00f3n y ratific\u00f3 el acompa\u00f1amiento del gremio al reclamo provincial. El dirigente expres\u00f3 su <strong>preocupaci\u00f3n por la situaci\u00f3n de los trabajadores afectados<\/strong> y sostuvo que el objetivo es lograr que puedan reincorporarse a sus puestos lo antes posible.<\/p>\n\n\n\n<p>\u201cTenemos<strong> 140 personas afuera, sin trabajo,<\/strong> por una intervenci\u00f3n ileg\u00edtima\u201d, advirti\u00f3, al tiempo que subray\u00f3 la necesidad de sostener la unidad entre sindicatos, dirigentes pol\u00edticos y autoridades provinciales para revertir la situaci\u00f3n y garantizar la continuidad de la actividad portuaria en Ushuaia.<\/p>\n\n\n\n<p><strong>Fuente: www.eldiariodelfindelmundo.com<\/strong><\/p>\n","protected":false},"excerpt":{"rendered":"<p>Cuando la intervenci\u00f3n al Puerto de Ushuaia dispuesta Miguel I\u00f1aki Arreseigor, Director Ejecutivo de la Agencia Nacional de Puertos y Navegaci\u00f3n, est\u00e1 a punto de cumplir 60 d\u00edas, El gobernador Gustavo Melella recibi\u00f3 en la Casa de Gobierno a representantes del sector portuario, dirigentes sindicales nacionales y referentes pol\u00edticos nucleados en el Foro Patag\u00f3nico por [&hellip;]<\/p>\n","protected":false},"author":5,"featured_media":8722,"comment_status":"open","ping_status":"open","sticky":false,"template":"","format":"standard","meta":[],"categories":[11],"tags":[],"_links":{"self":[{"href":"https:\/\/politicapatagonica.com\/index.php\/wp-json\/wp\/v2\/posts\/8721"}],"collection":[{"href":"https:\/\/politicapatagonica.com\/index.php\/wp-json\/wp\/v2\/posts"}],"about":[{"href":"https:\/\/politicapatagonica.com\/index.php\/wp-json\/wp\/v2\/types\/post"}],"author":[{"embeddable":true,"href":"https:\/\/politicapatagonica.com\/index.php\/wp-json\/wp\/v2\/users\/5"}],"replies":[{"embeddable":true,"href":"https:\/\/politicapatagonica.com\/index.php\/wp-json\/wp\/v2\/comments?post=8721"}],"version-history":[{"count":2,"href":"https:\/\/politicapatagonica.com\/index.php\/wp-json\/wp\/v2\/posts\/8721\/revisions"}],"predecessor-version":[{"id":8727,"href":"https:\/\/politicapatagonica.com\/index.php\/wp-json\/wp\/v2\/posts\/8721\/revisions\/8727"}],"wp:featuredmedia":[{"embeddable":true,"href":"https:\/\/politicapatagonica.com\/index.php\/wp-json\/wp\/v2\/media\/8722"}],"wp:attachment":[{"href":"https:\/\/politicapatagonica.com\/index.php\/wp-json\/wp\/v2\/media?parent=8721"}],"wp:term":[{"taxonomy":"category","embeddable":true,"href":"https:\/\/politicapatagonica.com\/index.php\/wp-json\/wp\/v2\/categories?post=8721"},{"taxonomy":"post_tag","embeddable":true,"href":"https:\/\/politicapatagonica.com\/index.php\/wp-json\/wp\/v2\/tags?post=8721"}],"curies":[{"name":"wp","href":"https:\/\/api.w.org\/{rel}","templated":true}]}}