{"id":8709,"date":"2026-03-12T18:37:57","date_gmt":"2026-03-12T18:37:57","guid":{"rendered":"https:\/\/politicapatagonica.com\/?p=8709"},"modified":"2026-03-13T21:02:28","modified_gmt":"2026-03-13T21:02:28","slug":"santiago-aberastain-pidio-que-la-ley-de-emergencia-economica-en-santa-cruz-vuelva-al-ejecutivo-y-pidio-una-mesa-de-dialogo-con-gremios","status":"publish","type":"post","link":"https:\/\/politicapatagonica.com\/index.php\/2026\/03\/12\/santiago-aberastain-pidio-que-la-ley-de-emergencia-economica-en-santa-cruz-vuelva-al-ejecutivo-y-pidio-una-mesa-de-dialogo-con-gremios\/","title":{"rendered":"Santiago Aberastain pidi\u00f3 que la Ley de Emergencia Econ\u00f3mica en Santa Cruz vuelva al Ejecutivo"},"content":{"rendered":"\n<p><strong>La C\u00e1mara de Diputados de Santa Cruz<\/strong> resolvi\u00f3 devolver al Poder Ejecutivo el proyecto de&nbsp;<strong>Ley de Emergencia Econ\u00f3mica, Financiera y Administrativa<\/strong>, luego de una moci\u00f3n presentada por el presidente del bloque Por Santa Cruz,&nbsp;<strong>Santiago Aberastain<\/strong>, durante la primera sesi\u00f3n ordinaria del per\u00edodo legislativo 2026.<\/p>\n\n\n\n<p><strong>La decisi\u00f3n se tom\u00f3 tras un cuarto intermedio<\/strong> en el que participaron legisladores de distintos bloques y representantes sindicales que se encontraban en las inmediaciones del edificio legislativo <strong>manifestando en contra de la reforma previsional <\/strong>y el congelamiento de los salarios. La moci\u00f3n se someti\u00f3 a votaci\u00f3n en el recinto y obtuvo&nbsp;<strong>20 votos afirmativos<\/strong>, por lo que el proyecto volvi\u00f3 al Ejecutivo para continuar su an\u00e1lisis.<\/p>\n\n\n\n<p>La sesi\u00f3n fue presidida por la diputada&nbsp;<strong>Roc\u00edo Garc\u00eda<\/strong>, vicepresidenta segunda de la C\u00e1mara, quien condujo el debate ante la ausencia del vicegobernador.<\/p>\n\n\n\n<p><strong>Tras el cuarto intermedio, Aberastain explic\u00f3 en el recinto el acuerdo alcanzado entre los bloques legislativos y los representantes sindicales presentes.<\/strong><\/p>\n\n\n\n<p><strong>\u201cEs de p\u00fablico conocimiento el contexto en el que hoy nos toca sesionar. Ha habido muchos disturbios y tuvimos reuniones entre todos los bloques y tambi\u00e9n con los representantes sindicales de quienes se est\u00e1n manifestando afuera\u201d, se\u00f1al\u00f3.<\/strong><\/p>\n\n\n\n<p>El legislador indic\u00f3 que <strong>el objetivo del acuerdo fue priorizar el desarrollo de la sesi\u00f3n y la seguridad de quienes se encontraban dentro y fuera del edificio<\/strong>.&nbsp;\u201cLo que decidimos entre todos es que prime el orden, la paz y cuidar a cada uno de los trabajadores, los que est\u00e1n manifest\u00e1ndose afuera como tambi\u00e9n los que estamos aqu\u00ed adentro\u201d, expres\u00f3.<\/p>\n\n\n\n<p>En ese marco, propuso que el proyecto de ley regresara al Poder Ejecutivo y que se abra una instancia de di\u00e1logo.&nbsp;\u201cVamos a mocionar para que <strong>el proyecto vuelva al Poder Ejecutivo para continuar el an\u00e1lisis, abrir una mesa de di\u00e1logo intersindical y con todos los sectores que se muestren interesados en participar<\/strong>\u201d, afirm\u00f3.<\/p>\n\n\n\n<p>Luego del planteo, la presidencia someti\u00f3 la moci\u00f3n a votaci\u00f3n y el cuerpo legislativo aprob\u00f3 la propuesta por unanimidad.<\/p>\n\n\n\n<h2>Viviana Carabajal en la sesi\u00f3n<\/h2>\n\n\n\n<p>Minutos antes de la votaci\u00f3n, la&nbsp;<strong>vocal por los pasivos de la Caja de Previsi\u00f3n Social, Viviana Carabajal<\/strong>, tom\u00f3 la palabra en el recinto tras una moci\u00f3n presentada por legisladores para que pudiera expresar su posici\u00f3n.<strong>&nbsp;Carabajal solicit\u00f3 a los legisladores que analicen el contenido del proyecto de ley vinculado a la emergencia econ\u00f3mica y el sistema previsional.<\/strong><\/p>\n\n\n\n<p><strong>\u201cTenemos el 80% de los jubilados bajo la l\u00ednea de la pobreza y tienen en sus manos un proyecto que habla de un congelamiento salarial que de ac\u00e1 fin de a\u00f1o, con posibilidades de 12 meses m\u00e1s\u201d<\/strong>, indic\u00f3 , remarcando que muchos de ellos deben deben afrontar gastos en medicamentos por el recorte en el Vademecum de la Caja de Servicios Sociales.<\/p>\n\n\n\n<p>En ese sentido, pidi\u00f3 que el an\u00e1lisis del proyecto<strong> tenga en cuenta la situaci\u00f3n de los beneficiarios del sistema previsional<\/strong>.&nbsp;\u201cVoy a pedir que se d\u00e9 el tratamiento siempre mirando el lado del pueblo\u201d, sostuvo.<\/p>\n\n\n\n<p>Carabajal tambi\u00e9n se refiri\u00f3 al proyecto que se encontraba en discusi\u00f3n y solicit\u00f3 que se eval\u00fae su impacto sobre el sistema previsional provincial.<\/p>\n\n\n\n<h2>Qu\u00e9 establece el proyecto de Ley de Emergencia Econ\u00f3mica<\/h2>\n\n\n\n<p>El proyecto enviado a la Legislatura con la firma del diputados&nbsp;<strong>Javier Jara<\/strong>&nbsp;a cargo del Ejecutivo, plantea&nbsp;<strong>declarar la emergencia econ\u00f3mica, financiera y administrativa del sector p\u00fablico provincial hasta el 31 de diciembre de 2026<\/strong>, con la posibilidad de prorrogarla por hasta 12 meses.<\/p>\n\n\n\n<p>La iniciativa propone una serie de medidas orientadas a reorganizar el funcionamiento del Estado provincial y el uso de los recursos p\u00fablicos.<\/p>\n\n\n\n<p>Entre los principales puntos del proyecto se encuentran la facultad del Poder Ejecutivo para&nbsp;<strong>restructurar el gasto p\u00fablico y revisar estructuras administrativas<\/strong>, la&nbsp;<strong>suspensi\u00f3n del ingreso de personal<\/strong>, con excepciones en \u00e1reas espec\u00edficas como salud, la obligaci\u00f3n de que los acuerdos salariales cuenten con&nbsp;<strong>disponibilidad presupuestaria certificada<\/strong>&nbsp;y la elaboraci\u00f3n de&nbsp;<strong>planes de priorizaci\u00f3n del gasto<\/strong>&nbsp;en \u00e1reas como salud, educaci\u00f3n y seguridad, entre otras medidas.<\/p>\n\n\n\n<p>El proyecto tambi\u00e9n crea una&nbsp;<strong>comisi\u00f3n de seguimiento<\/strong>&nbsp;integrada por representantes de los bloques legislativos y del Poder Ejecutivo para monitorear la aplicaci\u00f3n de las medidas.<\/p>\n\n\n\n<h2>R\u00e9gimen de pasividad anticipada voluntaria<\/h2>\n\n\n\n<p>La iniciativa incluye adem\u00e1s la creaci\u00f3n de un&nbsp;<strong>R\u00e9gimen de Pasividad Anticipada Voluntaria<\/strong>&nbsp;para agentes de la administraci\u00f3n p\u00fablica provincial.<\/p>\n\n\n\n<p>El sistema establece una transici\u00f3n hacia la jubilaci\u00f3n ordinaria para trabajadores que se encuentren a&nbsp;<strong>menos de cinco a\u00f1os de cumplir los requisitos previsionales<\/strong>.<\/p>\n\n\n\n<p>En ese per\u00edodo, el agente mantiene su condici\u00f3n de empleado p\u00fablico pero queda eximido de prestar servicios efectivos y percibe un porcentaje de su remuneraci\u00f3n, que var\u00eda entre el&nbsp;<strong>55% y el 75%<\/strong>&nbsp;seg\u00fan los a\u00f1os que resten para acceder a la jubilaci\u00f3n.<\/p>\n\n\n\n<p><strong>El proyecto establece que este r\u00e9gimen no constituye un beneficio previsional ni una jubilaci\u00f3n anticipada.<\/strong><\/p>\n\n\n\n<h2>Manifestaci\u00f3n sindical frente a la Legislatura<\/h2>\n\n\n\n<p>Mientras se desarrollaba la sesi\u00f3n legislativa,&nbsp;<strong>trabajadores judiciales, empleados de la administraci\u00f3n p\u00fablica provincial y municipal y representantes sindicales<\/strong>&nbsp;se concentraron frente al edificio de la Legislatura en R\u00edo Gallegos.<\/p>\n\n\n\n<p>La movilizaci\u00f3n incluy\u00f3 banderas y consignas vinculadas al tratamiento del proyecto de emergencia econ\u00f3mica. Durante la manifestaci\u00f3n hubo rotura de vidrios y los participantes arrojaron huevos sobre a fachada del edificio.<\/p>\n\n\n\n<p>Durante la noche previa, distintos sectores realizaron una&nbsp;<strong>vigilia en las inmediaciones del edificio legislativo<\/strong>, con el objetivo de expresar su posici\u00f3n antes del debate parlamentario.&nbsp;El&nbsp;<strong>Frente Sindical de Santa Cruz<\/strong>&nbsp;difundi\u00f3 un comunicado en el que expres\u00f3 su rechazo a la iniciativa presentada por el Ejecutivo.<\/p>\n\n\n\n<h2>Roc\u00edo Garc\u00eda presidi\u00f3 la sesi\u00f3n<\/h2>\n\n\n\n<p>La sesi\u00f3n fue presidida por la diputada&nbsp;<strong>Mar\u00eda Roc\u00edo Garc\u00eda<\/strong>, integrante del bloque Uni\u00f3n por la Patria y vicepresidenta segunda de la C\u00e1mara de Diputados de Santa Cruz.<\/p>\n\n\n\n<p>Garc\u00eda condujo el debate debido a la activaci\u00f3n de la l\u00ednea sucesoria institucional. El gobernador&nbsp;<strong>Claudio Vidal<\/strong>&nbsp;se encuentra en Estados Unidos participando del evento \u201cArgentina Week\u201d en Nueva York, mientras que el vicegobernador&nbsp;<strong>Fabi\u00e1n Leguizam\u00f3n<\/strong>&nbsp;no se encuentra en funciones por estudios de salud.<\/p>\n\n\n\n<p>En ese escenario, el vicepresidente primero de la C\u00e1mara,&nbsp;<strong>Javier Santiago Jara<\/strong>, qued\u00f3 a cargo del Poder Ejecutivo provincial, por lo que la conducci\u00f3n de la sesi\u00f3n recay\u00f3 en la vicepresidencia segunda del cuerpo.<\/p>\n\n\n\n<p><strong>Fuente: laopinionaustral.com.ar<\/strong><\/p>\n","protected":false},"excerpt":{"rendered":"<p>La C\u00e1mara de Diputados de Santa Cruz resolvi\u00f3 devolver al Poder Ejecutivo el proyecto de&nbsp;Ley de Emergencia Econ\u00f3mica, Financiera y Administrativa, luego de una moci\u00f3n presentada por el presidente del bloque Por Santa Cruz,&nbsp;Santiago Aberastain, durante la primera sesi\u00f3n ordinaria del per\u00edodo legislativo 2026. La decisi\u00f3n se tom\u00f3 tras un cuarto intermedio en el que [&hellip;]<\/p>\n","protected":false},"author":5,"featured_media":8712,"comment_status":"open","ping_status":"open","sticky":false,"template":"","format":"standard","meta":[],"categories":[8],"tags":[],"_links":{"self":[{"href":"https:\/\/politicapatagonica.com\/index.php\/wp-json\/wp\/v2\/posts\/8709"}],"collection":[{"href":"https:\/\/politicapatagonica.com\/index.php\/wp-json\/wp\/v2\/posts"}],"about":[{"href":"https:\/\/politicapatagonica.com\/index.php\/wp-json\/wp\/v2\/types\/post"}],"author":[{"embeddable":true,"href":"https:\/\/politicapatagonica.com\/index.php\/wp-json\/wp\/v2\/users\/5"}],"replies":[{"embeddable":true,"href":"https:\/\/politicapatagonica.com\/index.php\/wp-json\/wp\/v2\/comments?post=8709"}],"version-history":[{"count":2,"href":"https:\/\/politicapatagonica.com\/index.php\/wp-json\/wp\/v2\/posts\/8709\/revisions"}],"predecessor-version":[{"id":8719,"href":"https:\/\/politicapatagonica.com\/index.php\/wp-json\/wp\/v2\/posts\/8709\/revisions\/8719"}],"wp:featuredmedia":[{"embeddable":true,"href":"https:\/\/politicapatagonica.com\/index.php\/wp-json\/wp\/v2\/media\/8712"}],"wp:attachment":[{"href":"https:\/\/politicapatagonica.com\/index.php\/wp-json\/wp\/v2\/media?parent=8709"}],"wp:term":[{"taxonomy":"category","embeddable":true,"href":"https:\/\/politicapatagonica.com\/index.php\/wp-json\/wp\/v2\/categories?post=8709"},{"taxonomy":"post_tag","embeddable":true,"href":"https:\/\/politicapatagonica.com\/index.php\/wp-json\/wp\/v2\/tags?post=8709"}],"curies":[{"name":"wp","href":"https:\/\/api.w.org\/{rel}","templated":true}]}}