{"id":8704,"date":"2026-03-12T18:18:24","date_gmt":"2026-03-12T18:18:24","guid":{"rendered":"https:\/\/politicapatagonica.com\/?p=8704"},"modified":"2026-03-13T20:55:27","modified_gmt":"2026-03-13T20:55:27","slug":"el-radicalismo-chubutense-se-reunio-anoche-para-definir-la-fecha-de-eleccion-de-autoridades","status":"publish","type":"post","link":"https:\/\/politicapatagonica.com\/index.php\/2026\/03\/12\/el-radicalismo-chubutense-se-reunio-anoche-para-definir-la-fecha-de-eleccion-de-autoridades\/","title":{"rendered":"El radicalismo chubutense se reuni\u00f3 para definir la fecha de elecci\u00f3n de autoridades"},"content":{"rendered":"\n<p>En el Comit\u00e9 Departamental de la<strong> Uni\u00f3n C\u00edvica en Trelew<\/strong> se reun\u00eda la mesa de conducci\u00f3n provincial del partido para debatir cuestiones internas, pero por sobre todo<strong> para definir la fecha de elecciones para la renovaci\u00f3n de sus autoridades.<\/strong><\/p>\n\n\n\n<p>Este proceso se da en un contexto pol\u00edtico complejo para el partido en Chubut,<strong> socio central del gobierno provincial que encabeza Ignacio Torres, pero con diferentes miradas sobre la estrategia pol\u00edtica y las alianzas futuras<\/strong>.<\/p>\n\n\n\n<p>All\u00ed<strong> se encontraba el intendente Gerardo Merino,<\/strong> quien en p\u00fablicas declaraciones manifest\u00f3 sus intenciones de conducir los destinos del radicalismo chubutense. A su lado <strong>estaba Gustavo Menna (Presidente), Sergio Guajardo (Vicepresidente) y dem\u00e1s dirigentes de la conducci\u00f3n como Dami\u00e1n Biss, Florencia Rossi, V\u00edctor Candia, Luis Juntos, entre otros.<\/strong><\/p>\n\n\n\n<p><strong>El jefe comunal busca proyectar su liderazgo m\u00e1s all\u00e1 de la segunda ciudad de la provincia<\/strong>. Dentro del radicalismo lo muestran como un dirigente con &#8220;territorialidad&#8221;, una condici\u00f3n clave en un partido hist\u00f3ricamente organizado alrededor de comit\u00e9s locales y estructuras departamentales.<\/p>\n\n\n\n<p>Aunque<strong> el nombre de Merino aparece como el favorito del oficialismo interno, <\/strong>la continuidad de la influencia de Menna es uno de los temas de discusi\u00f3n dentro del partido. El vicegobernador mantiene peso en la estructura radical y no est\u00e1 claro cu\u00e1nto margen tendr\u00e1 la nueva conducci\u00f3n respecto del actual liderazgo.<\/p>\n\n\n\n<p><strong>El debate tambi\u00e9n atraviesa la relaci\u00f3n del radicalismo con el gobierno provincial y con el armado pol\u00edtico m\u00e1s amplio que lidera Torres<\/strong>, donde conviven sectores del PRO, radicales<strong> <\/strong>y aliados.<\/p>\n\n\n\n<p><strong>Fuente: www.elchubut.com.ar<\/strong><\/p>\n","protected":false},"excerpt":{"rendered":"<p>En el Comit\u00e9 Departamental de la Uni\u00f3n C\u00edvica en Trelew se reun\u00eda la mesa de conducci\u00f3n provincial del partido para debatir cuestiones internas, pero por sobre todo para definir la fecha de elecciones para la renovaci\u00f3n de sus autoridades. Este proceso se da en un contexto pol\u00edtico complejo para el partido en Chubut, socio central [&hellip;]<\/p>\n","protected":false},"author":5,"featured_media":8705,"comment_status":"open","ping_status":"open","sticky":false,"template":"","format":"standard","meta":[],"categories":[14],"tags":[],"_links":{"self":[{"href":"https:\/\/politicapatagonica.com\/index.php\/wp-json\/wp\/v2\/posts\/8704"}],"collection":[{"href":"https:\/\/politicapatagonica.com\/index.php\/wp-json\/wp\/v2\/posts"}],"about":[{"href":"https:\/\/politicapatagonica.com\/index.php\/wp-json\/wp\/v2\/types\/post"}],"author":[{"embeddable":true,"href":"https:\/\/politicapatagonica.com\/index.php\/wp-json\/wp\/v2\/users\/5"}],"replies":[{"embeddable":true,"href":"https:\/\/politicapatagonica.com\/index.php\/wp-json\/wp\/v2\/comments?post=8704"}],"version-history":[{"count":6,"href":"https:\/\/politicapatagonica.com\/index.php\/wp-json\/wp\/v2\/posts\/8704\/revisions"}],"predecessor-version":[{"id":8718,"href":"https:\/\/politicapatagonica.com\/index.php\/wp-json\/wp\/v2\/posts\/8704\/revisions\/8718"}],"wp:featuredmedia":[{"embeddable":true,"href":"https:\/\/politicapatagonica.com\/index.php\/wp-json\/wp\/v2\/media\/8705"}],"wp:attachment":[{"href":"https:\/\/politicapatagonica.com\/index.php\/wp-json\/wp\/v2\/media?parent=8704"}],"wp:term":[{"taxonomy":"category","embeddable":true,"href":"https:\/\/politicapatagonica.com\/index.php\/wp-json\/wp\/v2\/categories?post=8704"},{"taxonomy":"post_tag","embeddable":true,"href":"https:\/\/politicapatagonica.com\/index.php\/wp-json\/wp\/v2\/tags?post=8704"}],"curies":[{"name":"wp","href":"https:\/\/api.w.org\/{rel}","templated":true}]}}