{"id":87,"date":"2023-01-24T23:47:55","date_gmt":"2023-01-24T23:47:55","guid":{"rendered":"http:\/\/tdi_121_d0d"},"modified":"2023-01-25T23:58:18","modified_gmt":"2023-01-25T23:58:18","slug":"urquiza-nuestra-decision-politica-es-la-de-seguir-invirtiendo-en-salud","status":"publish","type":"post","link":"https:\/\/politicapatagonica.com\/index.php\/2023\/01\/24\/urquiza-nuestra-decision-politica-es-la-de-seguir-invirtiendo-en-salud\/","title":{"rendered":"Urquiza: \u201cnuestra decisi\u00f3n pol\u00edtica es la de seguir invirtiendo en salud\u201d"},"content":{"rendered":"\n<p>La vicegobernadora, M\u00f3nica Urquiza, destac\u00f3 que la ampliaci\u00f3n del Hospital Regional Ushuaia \u201ces para todos los fueguinos y las fueguinas, y estamos convencidos que ser\u00e1 trascendental para la regi\u00f3n patag\u00f3nica\u201d.<\/p>\n\n\n\n<p>En ese sentido, la presidenta del Poder Legislativo, record\u00f3 que \u201ccomo lo dijimos en campa\u00f1a, uno de nuestros ejes es la salud, y hoy cumplimos una vez m\u00e1s lo que dijimos. Todos hemos pasado por situaciones particulares de salud de familiares; amigos; conocidos, y en estas ocasiones es cuando m\u00e1s hay que reconocer y resaltar la gesti\u00f3n de salud\u201d.<\/p>\n\n\n\n<p>\u201cEn el lugar que ocupamos, tomamos decisiones, y nuestra decisi\u00f3n pol\u00edtica fue la de invertir en salud, para tener este Hospital que todos nos merecemos\u201d consider\u00f3 la Vicegobernadora, agradeciendo a los equipos t\u00e9cnicos de Obras P\u00fablicas y de Salud por llevar adelante este trabajo.<\/p>\n\n\n\n<p>Por su parte, la ministra de Salud, Judit Di Giglio se\u00f1al\u00f3 que \u201ces emocionante ser parte de este momento\u201d valorando la decisi\u00f3n pol\u00edtica del Gobernador de invertir en salud y al equipo de la cartera sanitaria \u201cque dedic\u00f3 tiempo en este proyecto y tuvo que sortear el incendio del nosocomio\u201d.<\/p>\n\n\n\n<p>\u201cEs un sue\u00f1o que se est\u00e1 cumpliendo y podemos verlo\u201d subray\u00f3 la funcionaria provincial y record\u00f3 que \u201cestamos trabajando en el Plan Director Interno del hospital, en lo que refiere a la remodelaci\u00f3n del actual edificio que est\u00e1 funcionando, para que cuando est\u00e9 finalizada la ampliaci\u00f3n, podamos sumar servicios\u201d.<\/p>\n\n\n\n<p><strong>\u201cUna obra clave\u201d<\/strong><\/p>\n\n\n\n<p>La ministra de Obras P\u00fablica, Gabriela Castillo, tambi\u00e9n destac\u00f3 la obra como la m\u00e1s importante en materia presupuestaria.<\/p>\n\n\n\n<p>En ese sentido dijo que se trata de \u201cuna obra clave e importante y es la m\u00e1s grande en monto de las que llevamos adelante el Gobierno de la provincia\u201d.<\/p>\n\n\n\n<p>La funcionaria la consider\u00f3 \u201cestrat\u00e9gica en t\u00e9rminos de crecimiento de la infraestructura sanitaria con la necesidad de crecimiento que tenemos con un hospital pensado para otro tiempo, para la mitad de la poblaci\u00f3n\u201d.<\/p>\n\n\n\n<p>\u201cCuando construimos una estructura era la primera etapa en la que se reestructur\u00f3 y se reforz\u00f3, que los vecinos por la calle Maip\u00fa ven una gran estructura de hormig\u00f3n, que ahora hay que transformarla en hospital, servicios, \u00e1rea de infraestructura y tecnolog\u00eda m\u00e9dica. Eso es lo que ahora comienza\u201d se\u00f1al\u00f3.<\/p>\n\n\n\n<p>Castillo precis\u00f3 que \u201cel trabajo a partir de ahora ser\u00e1 puntualmente puertas adentro. Paneles, la parte sanitaria, ascensores, todo lo que se necesita para la transformaci\u00f3n\u201d agreg\u00f3.<\/p>\n\n\n\n<p>El plazo de finalizaci\u00f3n de obra es de dos a\u00f1os, dijo Castillo, aunque distingui\u00f3 que \u201cno quiere decir que vayamos a esperar dos a\u00f1os para empezar a usar algunos sectores. Estamos trabajando para ver con la empresa la gradualidad para los espacios que se vayan entregando y el hospital pueda ir ganando nuevos espacios con anterioridad al cumplimiento de la fecha final para la construcci\u00f3n\u201d.<\/p>\n\n\n\n<p>Se trata de una inversi\u00f3n de $ 3.200 millones para esta segunda etapa, con las re determinaciones que engrosar\u00e1n el monto conforme la inflaci\u00f3n: \u201ces una apuesta fuerte, una obra con financiamiento del Fideicomisos Austral, un esfuerzo compartido entre naci\u00f3n y provincia\u201d.<\/p>\n\n\n\n<p>El alto costo de la obra, que la ubica como la m\u00e1s onerosa de la actual gesti\u00f3n, tiene su fundamento en que \u201cla arquitectura hospitalaria tiene un monto mayor en metro cuadrado que la tradicional, necesariamente, por la tecnolog\u00eda m\u00e9dica, la zona y en sectores como internaci\u00f3n, donde hay tendido de gases, calefacci\u00f3n, cosas particulares adem\u00e1s de la gran dimensi\u00f3n\u201d.<\/p>\n\n\n\n<p>Por \u00faltimo, Castillo dijo que son 7.600 m2 de la estructura pensada en el proyecto base, m\u00e1s 2.000 m2 del altillo. En definitiva, \u201ces un total de casi 11.000 m2, donde claramente el monto ser\u00e1 importante. Es una apuesta importante al sistema de salud\u201d.<\/p>\n","protected":false},"excerpt":{"rendered":"<p>La vicegobernadora, M\u00f3nica Urquiza, destac\u00f3 que la ampliaci\u00f3n del Hospital Regional Ushuaia \u201ces para todos los fueguinos y las fueguinas, y estamos convencidos que ser\u00e1 trascendental para la regi\u00f3n patag\u00f3nica\u201d. En ese sentido, la presidenta del Poder Legislativo, record\u00f3 que \u201ccomo lo dijimos en campa\u00f1a, uno de nuestros ejes es la salud, y hoy cumplimos [&hellip;]<\/p>\n","protected":false},"author":1,"featured_media":205,"comment_status":"open","ping_status":"open","sticky":false,"template":"","format":"standard","meta":[],"categories":[11],"tags":[],"_links":{"self":[{"href":"https:\/\/politicapatagonica.com\/index.php\/wp-json\/wp\/v2\/posts\/87"}],"collection":[{"href":"https:\/\/politicapatagonica.com\/index.php\/wp-json\/wp\/v2\/posts"}],"about":[{"href":"https:\/\/politicapatagonica.com\/index.php\/wp-json\/wp\/v2\/types\/post"}],"author":[{"embeddable":true,"href":"https:\/\/politicapatagonica.com\/index.php\/wp-json\/wp\/v2\/users\/1"}],"replies":[{"embeddable":true,"href":"https:\/\/politicapatagonica.com\/index.php\/wp-json\/wp\/v2\/comments?post=87"}],"version-history":[{"count":2,"href":"https:\/\/politicapatagonica.com\/index.php\/wp-json\/wp\/v2\/posts\/87\/revisions"}],"predecessor-version":[{"id":206,"href":"https:\/\/politicapatagonica.com\/index.php\/wp-json\/wp\/v2\/posts\/87\/revisions\/206"}],"wp:featuredmedia":[{"embeddable":true,"href":"https:\/\/politicapatagonica.com\/index.php\/wp-json\/wp\/v2\/media\/205"}],"wp:attachment":[{"href":"https:\/\/politicapatagonica.com\/index.php\/wp-json\/wp\/v2\/media?parent=87"}],"wp:term":[{"taxonomy":"category","embeddable":true,"href":"https:\/\/politicapatagonica.com\/index.php\/wp-json\/wp\/v2\/categories?post=87"},{"taxonomy":"post_tag","embeddable":true,"href":"https:\/\/politicapatagonica.com\/index.php\/wp-json\/wp\/v2\/tags?post=87"}],"curies":[{"name":"wp","href":"https:\/\/api.w.org\/{rel}","templated":true}]}}