{"id":8695,"date":"2026-03-11T19:35:45","date_gmt":"2026-03-11T19:35:45","guid":{"rendered":"https:\/\/politicapatagonica.com\/?p=8695"},"modified":"2026-03-11T21:39:21","modified_gmt":"2026-03-11T21:39:21","slug":"weretilneck-presento-el-potencial-productivo-y-energetico-de-rio-negro-ante-inversores-en-nueva-york","status":"publish","type":"post","link":"https:\/\/politicapatagonica.com\/index.php\/2026\/03\/11\/weretilneck-presento-el-potencial-productivo-y-energetico-de-rio-negro-ante-inversores-en-nueva-york\/","title":{"rendered":"Weretilneck present\u00f3 el potencial productivo y energ\u00e9tico de R\u00edo Negro ante inversores en Nueva York"},"content":{"rendered":"\n<p>El gobernador de R\u00edo Negro,&nbsp;<strong>Alberto Weretilneck<\/strong>, particip\u00f3 de una nueva jornada de actividades en&nbsp;<strong>Nueva York<\/strong>&nbsp;en el marco de&nbsp;<strong>Argentina Week 2026<\/strong>, donde mantuvo encuentros con empresarios, bancos y fondos de inversi\u00f3n para presentar el&nbsp;<strong>potencial productivo y energ\u00e9tico de la provincia<\/strong>.<\/p>\n\n\n\n<p>Empleos estatales<\/p>\n\n\n\n<p>La agenda del segundo d\u00eda incluy\u00f3 reuniones en la sede del banco&nbsp;<strong>JPMorgan<\/strong>, junto a gobernadores de distintas provincias argentinas, en un espacio de di\u00e1logo con actores del&nbsp;<strong>sistema financiero internacional interesados en oportunidades de inversi\u00f3n en el pa\u00eds<\/strong>.<\/p>\n\n\n\n<p>Durante la jornada<strong>, Weretilneck<\/strong> volvi\u00f3 a destacar&nbsp;<strong>el proceso de transformaci\u00f3n productiva que atraviesa R\u00edo Negro<\/strong>&nbsp;y el papel que la provincia busca consolidar dentro del&nbsp;<strong>desarrollo energ\u00e9tico nacional<\/strong>.<\/p>\n\n\n\n<p>\u201c<strong>Estamos mostrando el enorme potencial productivo y energ\u00e9tico que tiene nuestro pa\u00eds y el rol de R\u00edo Negro<\/strong>\u201d, se\u00f1al\u00f3 el mandatario.<\/p>\n\n\n\n<p>En ese sentido, remarc\u00f3 la&nbsp;<strong>complementariedad productiva de la regi\u00f3n norpatag\u00f3nica<\/strong>, donde se articula el desarrollo energ\u00e9tico con infraestructura para la exportaci\u00f3n. \u201c<strong>Es una de las regiones con mayor proyecci\u00f3n energ\u00e9tica del mundo. Neuqu\u00e9n produce y R\u00edo Negro exporta, con infraestructura estrat\u00e9gica y salida al mar para que esa energ\u00eda llegue al mundo<\/strong>\u201d, afirm\u00f3.<\/p>\n\n\n\n<p>El gobernador tambi\u00e9n destac\u00f3 que&nbsp;<strong>el inter\u00e9s internacional responde a la cartera de proyectos que impulsa la provincia<\/strong>, vinculados a sectores como&nbsp;<strong>energ\u00eda, miner\u00eda, producci\u00f3n e infraestructura<\/strong>.<\/p>\n\n\n\n<p>\u201c<strong>R\u00edo Negro est\u00e1 desarrollando proyectos que hoy despiertan el inter\u00e9s de los mercados internacionales<\/strong>\u201d, indic\u00f3.<\/p>\n\n\n\n<p>La participaci\u00f3n en&nbsp;<strong>Argentina Week<\/strong>&nbsp;forma parte de una estrategia provincial orientada a&nbsp;<strong>posicionar a R\u00edo Negro como un destino confiable para inversiones productivas<\/strong>, con eje en el desarrollo energ\u00e9tico, las exportaciones y el crecimiento territorial.<\/p>\n\n\n\n<p><strong>Fuente: www.barilocheopina.com<\/strong><\/p>\n","protected":false},"excerpt":{"rendered":"<p>El gobernador de R\u00edo Negro,&nbsp;Alberto Weretilneck, particip\u00f3 de una nueva jornada de actividades en&nbsp;Nueva York&nbsp;en el marco de&nbsp;Argentina Week 2026, donde mantuvo encuentros con empresarios, bancos y fondos de inversi\u00f3n para presentar el&nbsp;potencial productivo y energ\u00e9tico de la provincia. Empleos estatales La agenda del segundo d\u00eda incluy\u00f3 reuniones en la sede del banco&nbsp;JPMorgan, junto a [&hellip;]<\/p>\n","protected":false},"author":5,"featured_media":8696,"comment_status":"open","ping_status":"open","sticky":false,"template":"","format":"standard","meta":[],"categories":[13],"tags":[],"_links":{"self":[{"href":"https:\/\/politicapatagonica.com\/index.php\/wp-json\/wp\/v2\/posts\/8695"}],"collection":[{"href":"https:\/\/politicapatagonica.com\/index.php\/wp-json\/wp\/v2\/posts"}],"about":[{"href":"https:\/\/politicapatagonica.com\/index.php\/wp-json\/wp\/v2\/types\/post"}],"author":[{"embeddable":true,"href":"https:\/\/politicapatagonica.com\/index.php\/wp-json\/wp\/v2\/users\/5"}],"replies":[{"embeddable":true,"href":"https:\/\/politicapatagonica.com\/index.php\/wp-json\/wp\/v2\/comments?post=8695"}],"version-history":[{"count":2,"href":"https:\/\/politicapatagonica.com\/index.php\/wp-json\/wp\/v2\/posts\/8695\/revisions"}],"predecessor-version":[{"id":8703,"href":"https:\/\/politicapatagonica.com\/index.php\/wp-json\/wp\/v2\/posts\/8695\/revisions\/8703"}],"wp:featuredmedia":[{"embeddable":true,"href":"https:\/\/politicapatagonica.com\/index.php\/wp-json\/wp\/v2\/media\/8696"}],"wp:attachment":[{"href":"https:\/\/politicapatagonica.com\/index.php\/wp-json\/wp\/v2\/media?parent=8695"}],"wp:term":[{"taxonomy":"category","embeddable":true,"href":"https:\/\/politicapatagonica.com\/index.php\/wp-json\/wp\/v2\/categories?post=8695"},{"taxonomy":"post_tag","embeddable":true,"href":"https:\/\/politicapatagonica.com\/index.php\/wp-json\/wp\/v2\/tags?post=8695"}],"curies":[{"name":"wp","href":"https:\/\/api.w.org\/{rel}","templated":true}]}}