{"id":8691,"date":"2026-03-11T19:30:09","date_gmt":"2026-03-11T19:30:09","guid":{"rendered":"https:\/\/politicapatagonica.com\/?p=8691"},"modified":"2026-03-11T21:36:14","modified_gmt":"2026-03-11T21:36:14","slug":"ziliotto-retrocedio-dos-lugares-en-el-ranking-de-gobernadores-di-napoli-septimo-en-el-de-intendentes","status":"publish","type":"post","link":"https:\/\/politicapatagonica.com\/index.php\/2026\/03\/11\/ziliotto-retrocedio-dos-lugares-en-el-ranking-de-gobernadores-di-napoli-septimo-en-el-de-intendentes\/","title":{"rendered":"Ziliotto retrocedi\u00f3 dos lugares en el ranking de gobernadores y Luciano di Napoli qued\u00f3 s\u00e9ptimo en el de intendentes"},"content":{"rendered":"\n<p><strong>El gobernador Sergio Ziliotto mostr\u00f3 una leve disminuci\u00f3n en su valoraci\u00f3n respecto al mes de febrero, cuando ostentaba un 56,1% de aprobaci\u00f3n.<\/strong> Este retroceso lo sit\u00faa actualmente en el lote de gobernadores con imagen &#8220;intermedia&#8221;, quedando por debajo de mandatarios como Claudio Poggi (San Luis), con 55,9%, y Carlos Sadir (Jujuy), que alcanza el 55,7%.<\/p>\n\n\n\n<p>En contraste con el panorama provincial,<strong> el intendente Luciano di N\u00e1poli se ubic\u00f3 entre los 10 dirigentes municipales mejor valorados del pa\u00eds<\/strong>. Seg\u00fan los datos del relevamiento realizado entre el 1 y el 5 de marzo, Di N\u00e1poli cuenta con un 23,3% de imagen &#8220;muy buena&#8221; y un 33,2% de imagen &#8220;buena&#8221;, totalizando el 56,2% de aceptaci\u00f3n positiva.<\/p>\n\n\n\n<p>A pesar de ocupar el s\u00e9ptimo lugar en el escalaf\u00f3n nacional, el jefe comunal santarrose\u00f1o registr\u00f3 una m\u00ednima baja de tres d\u00e9cimas en comparaci\u00f3n con el 56,5% que percib\u00eda en febrero.<strong> Su imagen negativa se estableci\u00f3 en un 40,6%, compuesta por un 21,2% de calificaci\u00f3n &#8220;mala&#8221; y un 17,2% de &#8220;muy mala&#8221;.<\/strong><\/p>\n\n\n\n<p><strong>El ranking de gobernadores es liderado este mes por el tucumano Osvaldo Jaldo con el 62,4%, seguido por Gustavo Vald\u00e9s (Corrientes) con el 61,8% e Ignacio Torres (Chubut) con el 60,1%. En el extremo opuesto, los niveles de desaprobaci\u00f3n m\u00e1s altos se concentran en Ricardo Quintela (La Rioja), con un 38,2%, y Axel Kicillof (Buenos Aires), con un 39,4%.<\/strong><\/p>\n\n\n\n<p><strong>En el \u00e1mbito de las intendencias, los primeros puestos son ocupados por Ulpiano Su\u00e1rez (Mendoza) con un 58,6% y Leonardo Stellato (Posadas) con el 58,3%.<\/strong> El informe de la consultora se bas\u00f3 en una muestra de 632 casos espec\u00edficos para la ciudad de Santa Rosa, con un sistema de recolecci\u00f3n de datos mensual.<\/p>\n\n\n\n<p><strong>Fuente: www.eldiariodelapampa.com.ar<\/strong><\/p>\n","protected":false},"excerpt":{"rendered":"<p>El gobernador Sergio Ziliotto mostr\u00f3 una leve disminuci\u00f3n en su valoraci\u00f3n respecto al mes de febrero, cuando ostentaba un 56,1% de aprobaci\u00f3n. Este retroceso lo sit\u00faa actualmente en el lote de gobernadores con imagen &#8220;intermedia&#8221;, quedando por debajo de mandatarios como Claudio Poggi (San Luis), con 55,9%, y Carlos Sadir (Jujuy), que alcanza el 55,7%. [&hellip;]<\/p>\n","protected":false},"author":5,"featured_media":8693,"comment_status":"open","ping_status":"open","sticky":false,"template":"","format":"standard","meta":[],"categories":[10],"tags":[],"_links":{"self":[{"href":"https:\/\/politicapatagonica.com\/index.php\/wp-json\/wp\/v2\/posts\/8691"}],"collection":[{"href":"https:\/\/politicapatagonica.com\/index.php\/wp-json\/wp\/v2\/posts"}],"about":[{"href":"https:\/\/politicapatagonica.com\/index.php\/wp-json\/wp\/v2\/types\/post"}],"author":[{"embeddable":true,"href":"https:\/\/politicapatagonica.com\/index.php\/wp-json\/wp\/v2\/users\/5"}],"replies":[{"embeddable":true,"href":"https:\/\/politicapatagonica.com\/index.php\/wp-json\/wp\/v2\/comments?post=8691"}],"version-history":[{"count":6,"href":"https:\/\/politicapatagonica.com\/index.php\/wp-json\/wp\/v2\/posts\/8691\/revisions"}],"predecessor-version":[{"id":8702,"href":"https:\/\/politicapatagonica.com\/index.php\/wp-json\/wp\/v2\/posts\/8691\/revisions\/8702"}],"wp:featuredmedia":[{"embeddable":true,"href":"https:\/\/politicapatagonica.com\/index.php\/wp-json\/wp\/v2\/media\/8693"}],"wp:attachment":[{"href":"https:\/\/politicapatagonica.com\/index.php\/wp-json\/wp\/v2\/media?parent=8691"}],"wp:term":[{"taxonomy":"category","embeddable":true,"href":"https:\/\/politicapatagonica.com\/index.php\/wp-json\/wp\/v2\/categories?post=8691"},{"taxonomy":"post_tag","embeddable":true,"href":"https:\/\/politicapatagonica.com\/index.php\/wp-json\/wp\/v2\/tags?post=8691"}],"curies":[{"name":"wp","href":"https:\/\/api.w.org\/{rel}","templated":true}]}}