{"id":8684,"date":"2026-03-10T20:42:04","date_gmt":"2026-03-10T20:42:04","guid":{"rendered":"https:\/\/politicapatagonica.com\/?p=8684"},"modified":"2026-03-10T20:42:05","modified_gmt":"2026-03-10T20:42:05","slug":"a-cinco-dias-de-la-interna-del-pj-de-neuquen-no-hay-fallo-y-la-junta-electoral-ratifica-las-dos-listas","status":"publish","type":"post","link":"https:\/\/politicapatagonica.com\/index.php\/2026\/03\/10\/a-cinco-dias-de-la-interna-del-pj-de-neuquen-no-hay-fallo-y-la-junta-electoral-ratifica-las-dos-listas\/","title":{"rendered":"A cinco d\u00edas de la interna del PJ de Neuqu\u00e9n, no hay fallo y la Junta Electoral ratifica las dos listas"},"content":{"rendered":"\n<p>A solo cinco d\u00edas de la fecha convocada para la interna del\u00a0<strong>Partido Justicialista de Neuqu\u00e9n<\/strong>,<strong> la Junta Electoral volvi\u00f3 a ratificar que las dos listas oficializadas est\u00e1n en condiciones de competir el pr\u00f3ximo domingo.<\/strong><\/p>\n\n\n\n<p>El proceso qued\u00f3 atravesado por la\u00a0<strong>incertidumbre tras el\u00a0fallo de la C\u00e1mara Nacional Electoral<\/strong>\u00a0que, seg\u00fan interpreta <strong>el oficialismo, avalar\u00eda la decisi\u00f3n de expulsar a los afiliados que fueron candidatos con otros sellos pol\u00edticos en las elecciones del 2023.<\/strong><\/p>\n\n\n\n<p>En ese lote se encuentra el candidato a presidente del PJ por la lista\u00a0<strong>Peronismo Territorial<\/strong>,<strong>\u00a0Jos\u00e9 Asaad<\/strong>, aunque\u00a0desde la Junta Electoral\u00a0se inform\u00f3 hoy que, hasta que no haya una nueva sentencia de primera instancia, no habr\u00e1 ning\u00fan cambio en la oferta electoral para el 15.<\/p>\n\n\n\n<p>No hay ninguna resoluci\u00f3n judicial que hoy diga lo contrario y no hay<strong>\u00a0nada que indique que haya candidatos que no pueden participar<\/strong>, afirm\u00f3 Ernesto Lagos, presidente de la Junta Electoral.<\/p>\n\n\n\n<h2>Interna del PJ: qu\u00e9 dijo el fallo de la C\u00e1mara<\/h2>\n\n\n\n<hr class=\"wp-block-separator has-alpha-channel-opacity\"\/>\n\n\n\n<p>El fallo firmado la semana por los jueces Santiago Corcuera, Alberto Ricardo Dalla V\u00eda y el secretario Hern\u00e1n Goncalves Figueiredo&nbsp;<strong>revoc\u00f3 una sentencia de primera instancia que hab\u00eda dictado Carolina Pandolfi<\/strong>&nbsp;para negar la desafiliaci\u00f3n de un listado de 38 integrantes del PJ de Neuqu\u00e9n.<\/p>\n\n\n\n<p>La magistrada le hab\u00eda requerido a la apoderada del partido, Mar\u00eda Bel\u00e9n de los Santos, que acreditara con documentaci\u00f3n el por qu\u00e9 de la solicitud y, luego de enviada la informaci\u00f3n, hab\u00eda vuelto a considerar que no se hab\u00eda dado cumplimiento a lo requerido.<\/p>\n\n\n\n<p>Para la C\u00e1mara, se trat\u00f3 de un pedido excesivo por parte de la jueza y, entre sus argumentos, consideraron que hay jurisprudencia respecto de que las decisiones adoptadas en el seno de las agrupaciones pol\u00edtica est\u00e1n comprendidas en lo que se conoce como<strong>\u00a0&#8220;\u00e1mbito de reserva&#8221; que le es privativo y ajeno al control judicial.<\/strong><\/p>\n\n\n\n<h2>Interna del PJ: la resoluci\u00f3n que falta<\/h2>\n\n\n\n<hr class=\"wp-block-separator has-alpha-channel-opacity\"\/>\n\n\n\n<p>Con ese fallo en la mano, la apoderada del PJ remiti\u00f3\u00a0<strong>un nuevo pedido a Pandolfi\u00a0<\/strong>el viernes para que\u00a0<strong>proceda a la\u00a0desafiliaci\u00f3n de las 38 personas\u00a0<\/strong>individualizadas y que la justicia electoral actualice el padr\u00f3n partidario.<\/p>\n\n\n\n<p><strong>La permanencia en el padr\u00f3n de personas que han perdido su condici\u00f3n de afiliados por aplicaci\u00f3n de la normativa estatutaria afectar\u00eda la regularidad del proceso electoral interno,<\/strong> alert\u00f3.<\/p>\n\n\n\n<p>La jueza todav\u00eda&nbsp;<strong>no contest\u00f3 ese pedido<\/strong>, cuyo aval o rechazo tendr\u00e1 efectos sobre la interna convocada para el domingo.<\/p>\n\n\n\n<h2>Interna del PJ: por ahora, dos listas<\/h2>\n\n\n\n<hr class=\"wp-block-separator has-alpha-channel-opacity\"\/>\n\n\n\n<p>Desde la Junta Electoral, Lagos asegur\u00f3 que<strong>\u00a0salvo una manda judicial en contrario, las dos listas est\u00e1n habilitadas<\/strong>. Se trata de Peronismo Territorial, encabezada por Jos\u00e9 Asaad y\u00a0<strong>Peronismo para la Victoria, que lleva de candidato a Domingo Chule Linares.<\/strong><\/p>\n\n\n\n<p>La lista que eventualmente podr\u00eda estar complicada es la primera, ya que Asaad integra el listado de afiliados a expulsar por haberse postulando a intendente de Vista Alegre en 2023 con los sellos de Comunidad y de Avanzar.<\/p>\n\n\n\n<h2>Interna del PJ: d\u00f3nde y cu\u00e1ndo se votar\u00eda<\/h2>\n\n\n\n<hr class=\"wp-block-separator has-alpha-channel-opacity\"\/>\n\n\n\n<p>Seg\u00fan indicaron desde la Junta Electoral, la interna partidaria se realizar\u00e1 el domingo de 8 a 18 en 36 localidades de Neuqu\u00e9n.&nbsp;<strong>Habr\u00e1 76 mesas habilitadas para votar, con 18 de ellas en la capital.<\/strong><\/p>\n\n\n\n<p>El padr\u00f3n actual incluye a poco m\u00e1s de 20.000 afiliados del peronismo provincial.<\/p>\n\n\n\n<p><strong>La elecci\u00f3n definir\u00e1 el nuevo presidente del partido, sus vocales, los m\u00e1s de 70 integrantes del Congreso y los representantes por cada uno de los 36 consejos locales.<\/strong><\/p>\n\n\n\n<p><strong>Fuente: www.rionegro.com.ar<\/strong><\/p>\n","protected":false},"excerpt":{"rendered":"<p>A solo cinco d\u00edas de la fecha convocada para la interna del\u00a0Partido Justicialista de Neuqu\u00e9n, la Junta Electoral volvi\u00f3 a ratificar que las dos listas oficializadas est\u00e1n en condiciones de competir el pr\u00f3ximo domingo. El proceso qued\u00f3 atravesado por la\u00a0incertidumbre tras el\u00a0fallo de la C\u00e1mara Nacional Electoral\u00a0que, seg\u00fan interpreta el oficialismo, avalar\u00eda la decisi\u00f3n de [&hellip;]<\/p>\n","protected":false},"author":5,"featured_media":8685,"comment_status":"open","ping_status":"open","sticky":false,"template":"","format":"standard","meta":[],"categories":[9],"tags":[],"_links":{"self":[{"href":"https:\/\/politicapatagonica.com\/index.php\/wp-json\/wp\/v2\/posts\/8684"}],"collection":[{"href":"https:\/\/politicapatagonica.com\/index.php\/wp-json\/wp\/v2\/posts"}],"about":[{"href":"https:\/\/politicapatagonica.com\/index.php\/wp-json\/wp\/v2\/types\/post"}],"author":[{"embeddable":true,"href":"https:\/\/politicapatagonica.com\/index.php\/wp-json\/wp\/v2\/users\/5"}],"replies":[{"embeddable":true,"href":"https:\/\/politicapatagonica.com\/index.php\/wp-json\/wp\/v2\/comments?post=8684"}],"version-history":[{"count":1,"href":"https:\/\/politicapatagonica.com\/index.php\/wp-json\/wp\/v2\/posts\/8684\/revisions"}],"predecessor-version":[{"id":8686,"href":"https:\/\/politicapatagonica.com\/index.php\/wp-json\/wp\/v2\/posts\/8684\/revisions\/8686"}],"wp:featuredmedia":[{"embeddable":true,"href":"https:\/\/politicapatagonica.com\/index.php\/wp-json\/wp\/v2\/media\/8685"}],"wp:attachment":[{"href":"https:\/\/politicapatagonica.com\/index.php\/wp-json\/wp\/v2\/media?parent=8684"}],"wp:term":[{"taxonomy":"category","embeddable":true,"href":"https:\/\/politicapatagonica.com\/index.php\/wp-json\/wp\/v2\/categories?post=8684"},{"taxonomy":"post_tag","embeddable":true,"href":"https:\/\/politicapatagonica.com\/index.php\/wp-json\/wp\/v2\/tags?post=8684"}],"curies":[{"name":"wp","href":"https:\/\/api.w.org\/{rel}","templated":true}]}}