{"id":8677,"date":"2026-03-09T20:50:03","date_gmt":"2026-03-09T20:50:03","guid":{"rendered":"https:\/\/politicapatagonica.com\/?p=8677"},"modified":"2026-03-09T22:55:07","modified_gmt":"2026-03-09T22:55:07","slug":"en-la-pampa-las-politicas-de-genero-son-politicas-de-estado","status":"publish","type":"post","link":"https:\/\/politicapatagonica.com\/index.php\/2026\/03\/09\/en-la-pampa-las-politicas-de-genero-son-politicas-de-estado\/","title":{"rendered":"Mes de la Mujer: &#8220;En La Pampa las pol\u00edticas de g\u00e9nero son pol\u00edticas de Estado&#8221;"},"content":{"rendered":"\n<p><strong>En una nueva conmemoraci\u00f3n del D\u00eda Internacional de las Mujeres Trabajadoras, el Gobierno de La Pampa, a trav\u00e9s de la Secretar\u00eda de la Mujer, G\u00e9neros y Diversidad, convoca a una jornada de reflexi\u00f3n y acci\u00f3n bajo una premisa clara: el reconocimiento de todas las formas de trabajo que sostienen la vida democr\u00e1tica y econ\u00f3mica de la Provincia.&nbsp;&nbsp;<\/strong><\/p>\n\n\n\n<p>&#8220;Este<strong> 8M <\/strong>no es una fecha de celebraci\u00f3n, sino un<strong> hito de reivindicaci\u00f3n hist\u00f3rica<\/strong>. En un contexto global y nacional desafiante, la Provincia de La Pampa reafirma que los derechos conquistados no son solo una meta alcanzada, sino una base irrenunciable. La jornada pone el foco en la desigualdad estructural que a\u00fan persiste, <strong>especialmente en la distribuci\u00f3n de las tareas de cuidado, las cuales recaen mayoritariamente sobre las mujeres, condicionando su autonom\u00eda y sus oportunidades de desarrollo<\/strong>. Esta fecha nos encuentra trabajando para que lo invisible se vuelva un hecho pol\u00edtico. Reconocer que las mujeres no solo movemos la econom\u00eda desde nuestros puestos de trabajo, sino tambi\u00e9n desde el cuidado cotidiano en los hogares, es el primer paso para garantizar derechos reales&#8221;, expres\u00f3 la secretaria, Gabriela Labourie.<\/p>\n\n\n\n<p><strong>En este sentido, el Gobierno provincial destaca que las pol\u00edticas de g\u00e9nero son pol\u00edticas de Estado.<\/strong> El reconocimiento del valor social del cuidado, la promoci\u00f3n de la autonom\u00eda y la erradicaci\u00f3n de las violencias son los ejes que gu\u00edan la agenda de la Secretar\u00eda.<strong> Bajo el lema \u201cReconocer el trabajo, garantizar derechos\u201d, el 8M se consolida como una invitaci\u00f3n a toda la sociedad para desnaturalizar la sobrecarga que enfrentan las mujeres<\/strong>. El compromiso institucional es claro: seguir construyendo una provincia donde <strong>el esfuerzo cotidiano de cada pampeana sea valorado, protegido y transformado en dignidad.<\/strong>&nbsp;<\/p>\n\n\n\n<p><strong>Fuente: www.laarena.com.ar<\/strong><\/p>\n","protected":false},"excerpt":{"rendered":"<p>En una nueva conmemoraci\u00f3n del D\u00eda Internacional de las Mujeres Trabajadoras, el Gobierno de La Pampa, a trav\u00e9s de la Secretar\u00eda de la Mujer, G\u00e9neros y Diversidad, convoca a una jornada de reflexi\u00f3n y acci\u00f3n bajo una premisa clara: el reconocimiento de todas las formas de trabajo que sostienen la vida democr\u00e1tica y econ\u00f3mica de [&hellip;]<\/p>\n","protected":false},"author":5,"featured_media":8680,"comment_status":"open","ping_status":"open","sticky":false,"template":"","format":"standard","meta":[],"categories":[10],"tags":[],"_links":{"self":[{"href":"https:\/\/politicapatagonica.com\/index.php\/wp-json\/wp\/v2\/posts\/8677"}],"collection":[{"href":"https:\/\/politicapatagonica.com\/index.php\/wp-json\/wp\/v2\/posts"}],"about":[{"href":"https:\/\/politicapatagonica.com\/index.php\/wp-json\/wp\/v2\/types\/post"}],"author":[{"embeddable":true,"href":"https:\/\/politicapatagonica.com\/index.php\/wp-json\/wp\/v2\/users\/5"}],"replies":[{"embeddable":true,"href":"https:\/\/politicapatagonica.com\/index.php\/wp-json\/wp\/v2\/comments?post=8677"}],"version-history":[{"count":3,"href":"https:\/\/politicapatagonica.com\/index.php\/wp-json\/wp\/v2\/posts\/8677\/revisions"}],"predecessor-version":[{"id":8683,"href":"https:\/\/politicapatagonica.com\/index.php\/wp-json\/wp\/v2\/posts\/8677\/revisions\/8683"}],"wp:featuredmedia":[{"embeddable":true,"href":"https:\/\/politicapatagonica.com\/index.php\/wp-json\/wp\/v2\/media\/8680"}],"wp:attachment":[{"href":"https:\/\/politicapatagonica.com\/index.php\/wp-json\/wp\/v2\/media?parent=8677"}],"wp:term":[{"taxonomy":"category","embeddable":true,"href":"https:\/\/politicapatagonica.com\/index.php\/wp-json\/wp\/v2\/categories?post=8677"},{"taxonomy":"post_tag","embeddable":true,"href":"https:\/\/politicapatagonica.com\/index.php\/wp-json\/wp\/v2\/tags?post=8677"}],"curies":[{"name":"wp","href":"https:\/\/api.w.org\/{rel}","templated":true}]}}