{"id":8674,"date":"2026-03-09T20:43:50","date_gmt":"2026-03-09T20:43:50","guid":{"rendered":"https:\/\/politicapatagonica.com\/?p=8674"},"modified":"2026-03-09T22:51:52","modified_gmt":"2026-03-09T22:51:52","slug":"argentina-week-claudio-vidal-participo-en-un-evento-de-amazon-sobre-ia-en-nueva-york-y-se-prepara-para-mostrar-el-potencial-productivo-de-santa-cruz","status":"publish","type":"post","link":"https:\/\/politicapatagonica.com\/index.php\/2026\/03\/09\/argentina-week-claudio-vidal-participo-en-un-evento-de-amazon-sobre-ia-en-nueva-york-y-se-prepara-para-mostrar-el-potencial-productivo-de-santa-cruz\/","title":{"rendered":"Santa Cruz en Argentina Week: Claudio Vidal particip\u00f3 en un evento de Amazon sobre IA en Nueva York"},"content":{"rendered":"\n<p>El gobernador de Santa Cruz,&nbsp;<strong>Claudio Vidal<\/strong>, inici\u00f3 su agenda oficial en la ciudad de&nbsp;<strong>Nueva York<\/strong>&nbsp;en el marco de&nbsp;<strong>Argentina Week 2026<\/strong>, <strong>un encuentro internacional que re\u00fane a autoridades nacionales, gobernadores, empresarios y referentes del mundo financiero con el objetivo de mostrar las oportunidades de inversi\u00f3n que ofrece el pa\u00eds.<\/strong><\/p>\n\n\n\n<p>Durante la primera jornada, el mandatario santacruce\u00f1o particip\u00f3 de un evento organizado por&nbsp;<strong>Amazon Web Services (AWS)<\/strong>&nbsp;titulado <strong>\u201cIA: redefiniendo la competitividad econ\u00f3mica\u201d,<\/strong> un espacio de debate que convoc\u00f3 a l\u00edderes del sector tecnol\u00f3gico, funcionarios gubernamentales y representantes del \u00e1mbito empresarial para analizar el impacto de la&nbsp;<strong>inteligencia artificial en la econom\u00eda global<\/strong>.<\/p>\n\n\n\n<p>La participaci\u00f3n de Vidal en este foro forma parte de una estrategia de posicionamiento internacional de Santa Cruz, orientada a&nbsp;<strong>mostrar el potencial productivo de la provincia y atraer inversiones en sectores estrat\u00e9gicos<\/strong>.<\/p>\n\n\n\n<h2>Santa Cruz busca posicionarse ante inversores internacionales<\/h2>\n\n\n\n<p>En el marco de los distintos encuentros que integran Argentina Week, el gobernador expone ante referentes del mundo econ\u00f3mico y tecnol\u00f3gico las&nbsp;<strong>fortalezas productivas de Santa Cruz<\/strong>, con foco en los recursos naturales, la experiencia de la provincia en actividades extractivas y energ\u00e9ticas y las oportunidades de crecimiento que ofrece su matriz productiva.<\/p>\n\n\n\n<p>Entre los sectores que se presentan ante la comunidad inversora internacional se destacan la&nbsp;<strong>miner\u00eda, la energ\u00eda y el desarrollo industrial<\/strong>, actividades que forman parte de la estructura econ\u00f3mica santacruce\u00f1a y que concentran gran parte de las oportunidades de expansi\u00f3n productiva.<\/p>\n\n\n\n<p><strong>La presencia de Vidal<\/strong> en Nueva York apunta a&nbsp;<strong>generar v\u00ednculos con empresas y fondos de inversi\u00f3n<\/strong>&nbsp;que puedan impulsar proyectos de desarrollo en la provincia y ampliar la generaci\u00f3n de empleo en el territorio.<\/p>\n\n\n\n<h2>Un foro clave para promover inversiones en Argentina<\/h2>\n\n\n\n<p><strong>Argentina Week<\/strong>&nbsp;es considerado uno de los espacios m\u00e1s importantes de&nbsp;<strong>promoci\u00f3n econ\u00f3mica del pa\u00eds en el exterior<\/strong>, ya que re\u00fane a m\u00e1s de&nbsp;<strong>300 l\u00edderes empresariales globales<\/strong>, incluidos CEOs de compa\u00f1\u00edas multinacionales y representantes de fondos de inversi\u00f3n interesados en distintos sectores estrat\u00e9gicos.<\/p>\n\n\n\n<p>El evento se desarrolla entre el&nbsp;<strong>9 y el 12 de marzo en Nueva York<\/strong>&nbsp;y cuenta con la participaci\u00f3n de funcionarios nacionales, gobernadores y referentes del sector privado que buscan presentar las oportunidades de desarrollo econ\u00f3mico de Argentina.<\/p>\n\n\n\n<p>La agenda incluye paneles sobre&nbsp;<strong>energ\u00eda, miner\u00eda, agroindustria, econom\u00eda del conocimiento, innovaci\u00f3n tecnol\u00f3gica y comercio internacional<\/strong>, adem\u00e1s de encuentros de networking con empresas y organismos financieros.<\/p>\n\n\n\n<p>Entre los participantes se encuentra el&nbsp;<strong>presidente de la Naci\u00f3n, Javier Milei<\/strong>, junto a ministros del gabinete nacional, ejecutivos de compa\u00f1\u00edas globales y empresarios argentinos que integran distintos sectores productivos.<\/p>\n\n\n\n<h2>Paneles con gobernadores y sectores estrat\u00e9gicos<\/h2>\n\n\n\n<p>Uno de los momentos centrales del evento se desarrollar\u00e1 el&nbsp;<strong>12 de marzo<\/strong>, cuando los gobernadores participen de paneles sectoriales destinados a presentar oportunidades de inversi\u00f3n en sus provincias.<\/p>\n\n\n\n<p>En ese contexto, Claudio Vidal integrar\u00e1 el panel dedicado a&nbsp;<strong>energ\u00eda, petr\u00f3leo y gas<\/strong>, junto a los mandatarios&nbsp;<strong>Rolando Figueroa (Neuqu\u00e9n), Alfredo Cornejo (Mendoza), Ignacio Torres (Chubut) y Alberto Weretilneck (R\u00edo Negro)<\/strong>.<\/p>\n\n\n\n<p>Durante ese encuentro, los gobernadores expondr\u00e1n sobre el desarrollo de&nbsp;<strong>Vaca Muerta, la infraestructura energ\u00e9tica, las energ\u00edas renovables y las oportunidades de exportaci\u00f3n de recursos naturales<\/strong>.<\/p>\n\n\n\n<p>Adem\u00e1s, otros mandatarios participar\u00e1n del panel dedicado a&nbsp;<strong>miner\u00eda y minerales cr\u00edticos<\/strong>, donde se analizar\u00e1n proyectos vinculados al litio, cobre, oro y plata, sectores que concentran un creciente inter\u00e9s por parte de inversores internacionales.<\/p>\n\n\n\n<h2>La miner\u00eda de Santa Cruz, uno de los ejes de la exposici\u00f3n<\/h2>\n\n\n\n<p>Dentro de la agenda del evento, el gobernador santacruce\u00f1o tambi\u00e9n presentar\u00e1 el potencial minero de la provincia, especialmente el desarrollo del&nbsp;<strong>Macizo del Deseado<\/strong>, considerado uno de los distritos m\u00e1s importantes de la Argentina en la producci\u00f3n de&nbsp;<strong>oro y plata<\/strong>.<\/p>\n\n\n\n<p><strong>Santa Cruz cuenta con una larga trayectoria en la actividad minera y concentra varios proyectos productivos que forman parte de la cadena exportadora del pa\u00eds.<\/strong><\/p>\n\n\n\n<p>En ese sentido, Vidal busca mostrar ante la comunidad empresarial internacional&nbsp;<strong>las condiciones geol\u00f3gicas, productivas y de infraestructura<\/strong>&nbsp;que posicionan a la provincia como un territorio atractivo para nuevas inversiones en el sector.<\/p>\n\n\n\n<h2>La agenda completa de Argentina Week en Nueva York<\/h2>\n\n\n\n<p>El encuentro comenz\u00f3 el&nbsp;<strong>lunes 9 de marzo<\/strong>&nbsp;con una recepci\u00f3n de bienvenida en el&nbsp;<strong>Consulado General y Centro de Promoci\u00f3n de la Rep\u00fablica Argentina en Nueva York<\/strong>, donde el jefe de Gabinete,&nbsp;<strong>Manuel Adorni<\/strong>, brind\u00f3 las palabras iniciales ante funcionarios, empresarios e invitados internacionales.<\/p>\n\n\n\n<p>La agenda continua el&nbsp;<strong>martes 10 de marzo en la Torre de JPMorgan<\/strong>, donde el CEO global de la entidad,&nbsp;<strong>Jamie Dimon<\/strong>, present\u00f3 al presidente Javier Milei. Durante esa jornada tambi\u00e9n se realizaron exposiciones del canciller&nbsp;<strong>Pablo Quirno<\/strong>, del embajador argentino en Estados Unidos&nbsp;<strong>Alec Oxenford<\/strong>&nbsp;y del embajador estadounidense en Argentina&nbsp;<strong>Peter Lamelas<\/strong>, adem\u00e1s de paneles sobre geopol\u00edtica, innovaci\u00f3n, salud, miner\u00eda y cooperaci\u00f3n econ\u00f3mica entre ambos pa\u00edses.<\/p>\n\n\n\n<p>Ese d\u00eda tambi\u00e9n participaron ejecutivos de compa\u00f1\u00edas globales como&nbsp;<strong>Dow, Baker Hughes, Pfizer, Johnson &amp; Johnson y Merck<\/strong>, junto a representantes del sector tecnol\u00f3gico y del ecosistema emprendedor.<\/p>\n\n\n\n<p>El&nbsp;<strong>mi\u00e9rcoles 11 de marzo<\/strong>, las actividades se trasladar\u00e1n al&nbsp;<strong>Bank of America<\/strong>, donde el ministro de Econom\u00eda&nbsp;<strong>Luis Caputo<\/strong>&nbsp;encabezar\u00e1 uno de los principales paneles sobre el panorama macroecon\u00f3mico argentino y el mercado de capitales.<\/p>\n\n\n\n<p>La jornada incluir\u00e1 adem\u00e1s debates sobre&nbsp;<strong>tecnolog\u00eda, sistema financiero, agroindustria y energ\u00eda<\/strong>, con la participaci\u00f3n de referentes empresariales como&nbsp;<strong>Mart\u00edn Migoya (Globant), Ariel Szarfstejn (Mercado Libre), Juan Parma (Banco Macro), Gustavo Manr\u00edquez (Banco Supervielle), Marcelo Mindlin (Pampa Energ\u00eda) y Horacio Mar\u00edn (YPF)<\/strong>.<\/p>\n\n\n\n<p>El evento concluir\u00e1 con una recepci\u00f3n organizada por&nbsp;<strong>AmCham en Times Square<\/strong>, donde se entregar\u00e1n reconocimientos a empresarios del sector privado argentino y estadounidense y menciones especiales a los denominados&nbsp;<strong>\u201cRIGI Champions\u201d<\/strong>.<\/p>\n\n\n\n<p>Finalmente, el&nbsp;<strong>jueves 12 de marzo<\/strong>&nbsp;se desarrollar\u00e1n paneles sectoriales con gobernadores argentinos, organizados por el&nbsp;<strong>Instituto para el Desarrollo Empresarial de la Argentina (IDEA)<\/strong>, en los que se analizar\u00e1n oportunidades de inversi\u00f3n en miner\u00eda, energ\u00eda, agroindustria y econom\u00edas regionales.<\/p>\n\n\n\n<p><strong>Fuente: laopinionaustral.com.ar<\/strong><\/p>\n","protected":false},"excerpt":{"rendered":"<p>El gobernador de Santa Cruz,&nbsp;Claudio Vidal, inici\u00f3 su agenda oficial en la ciudad de&nbsp;Nueva York&nbsp;en el marco de&nbsp;Argentina Week 2026, un encuentro internacional que re\u00fane a autoridades nacionales, gobernadores, empresarios y referentes del mundo financiero con el objetivo de mostrar las oportunidades de inversi\u00f3n que ofrece el pa\u00eds. Durante la primera jornada, el mandatario santacruce\u00f1o [&hellip;]<\/p>\n","protected":false},"author":5,"featured_media":8675,"comment_status":"open","ping_status":"open","sticky":false,"template":"","format":"standard","meta":[],"categories":[8],"tags":[],"_links":{"self":[{"href":"https:\/\/politicapatagonica.com\/index.php\/wp-json\/wp\/v2\/posts\/8674"}],"collection":[{"href":"https:\/\/politicapatagonica.com\/index.php\/wp-json\/wp\/v2\/posts"}],"about":[{"href":"https:\/\/politicapatagonica.com\/index.php\/wp-json\/wp\/v2\/types\/post"}],"author":[{"embeddable":true,"href":"https:\/\/politicapatagonica.com\/index.php\/wp-json\/wp\/v2\/users\/5"}],"replies":[{"embeddable":true,"href":"https:\/\/politicapatagonica.com\/index.php\/wp-json\/wp\/v2\/comments?post=8674"}],"version-history":[{"count":2,"href":"https:\/\/politicapatagonica.com\/index.php\/wp-json\/wp\/v2\/posts\/8674\/revisions"}],"predecessor-version":[{"id":8682,"href":"https:\/\/politicapatagonica.com\/index.php\/wp-json\/wp\/v2\/posts\/8674\/revisions\/8682"}],"wp:featuredmedia":[{"embeddable":true,"href":"https:\/\/politicapatagonica.com\/index.php\/wp-json\/wp\/v2\/media\/8675"}],"wp:attachment":[{"href":"https:\/\/politicapatagonica.com\/index.php\/wp-json\/wp\/v2\/media?parent=8674"}],"wp:term":[{"taxonomy":"category","embeddable":true,"href":"https:\/\/politicapatagonica.com\/index.php\/wp-json\/wp\/v2\/categories?post=8674"},{"taxonomy":"post_tag","embeddable":true,"href":"https:\/\/politicapatagonica.com\/index.php\/wp-json\/wp\/v2\/tags?post=8674"}],"curies":[{"name":"wp","href":"https:\/\/api.w.org\/{rel}","templated":true}]}}