{"id":8661,"date":"2026-03-06T17:49:07","date_gmt":"2026-03-06T17:49:07","guid":{"rendered":"https:\/\/politicapatagonica.com\/?p=8661"},"modified":"2026-03-06T22:03:19","modified_gmt":"2026-03-06T22:03:19","slug":"taccetta-inaugura-el-periodo-de-sesiones-ordinarias-del-concejo-deliberante","status":"publish","type":"post","link":"https:\/\/politicapatagonica.com\/index.php\/2026\/03\/06\/taccetta-inaugura-el-periodo-de-sesiones-ordinarias-del-concejo-deliberante\/","title":{"rendered":"Taccetta inaugura el periodo de sesiones ordinarias del Concejo Deliberante de Esquel con cr\u00edticas a la oposici\u00f3n"},"content":{"rendered":"\n<p><strong>En el Centro Cultural Melipal, el intendente de Esquel, Mat\u00edas Taccetta, di\u00f3 inicio formal al 54\u00b0 per\u00edodo de sesiones ordinarias del Honorable Concejo Deliberante. La apertura ser\u00e1 a partir de las 9:30 en el Sal\u00f3n Walter Cristiani del Centro Cultural Esquel Melipal.<\/strong><\/p>\n\n\n\n<p><strong>El mandatario municipal tendr\u00e1 a su cargo el discurso de apertura y se espera que realice un balance de la primera mitad de su gesti\u00f3n.<\/strong> Tambi\u00e9n hay expectativa por lo que pueda anticipar de cara al a\u00f1o en curso y, en general, a los casi dos a\u00f1os de mandato que a\u00fan le quedan por encabezar.<\/p>\n\n\n\n<p>Cabe mencionar que <strong>solo se entonar\u00e1 el Himno Nacional y Taccetta se pronunciar\u00e1 frente a los ediles.<\/strong> En relaci\u00f3n con la oposici\u00f3n, <strong>el jefe comunal ha sido muy cr\u00edtico y sostiene que le ponen \u201cpalos en la rueda\u201d a iniciativas que considera trascendentales para su plan de gobierno<\/strong>, como la cesi\u00f3n de tierras a empresas pioneras del Parque Industrial.<\/p>\n\n\n\n<p>El viernes 13 de marzo el HCD sesionar\u00e1 por primera vez en el a\u00f1o.<\/p>\n\n\n\n<p><strong>Fuente: diariolaportada.com.ar<\/strong><\/p>\n","protected":false},"excerpt":{"rendered":"<p>En el Centro Cultural Melipal, el intendente de Esquel, Mat\u00edas Taccetta, di\u00f3 inicio formal al 54\u00b0 per\u00edodo de sesiones ordinarias del Honorable Concejo Deliberante. La apertura ser\u00e1 a partir de las 9:30 en el Sal\u00f3n Walter Cristiani del Centro Cultural Esquel Melipal. El mandatario municipal tendr\u00e1 a su cargo el discurso de apertura y se [&hellip;]<\/p>\n","protected":false},"author":5,"featured_media":8662,"comment_status":"open","ping_status":"open","sticky":false,"template":"","format":"standard","meta":[],"categories":[14],"tags":[],"_links":{"self":[{"href":"https:\/\/politicapatagonica.com\/index.php\/wp-json\/wp\/v2\/posts\/8661"}],"collection":[{"href":"https:\/\/politicapatagonica.com\/index.php\/wp-json\/wp\/v2\/posts"}],"about":[{"href":"https:\/\/politicapatagonica.com\/index.php\/wp-json\/wp\/v2\/types\/post"}],"author":[{"embeddable":true,"href":"https:\/\/politicapatagonica.com\/index.php\/wp-json\/wp\/v2\/users\/5"}],"replies":[{"embeddable":true,"href":"https:\/\/politicapatagonica.com\/index.php\/wp-json\/wp\/v2\/comments?post=8661"}],"version-history":[{"count":3,"href":"https:\/\/politicapatagonica.com\/index.php\/wp-json\/wp\/v2\/posts\/8661\/revisions"}],"predecessor-version":[{"id":8672,"href":"https:\/\/politicapatagonica.com\/index.php\/wp-json\/wp\/v2\/posts\/8661\/revisions\/8672"}],"wp:featuredmedia":[{"embeddable":true,"href":"https:\/\/politicapatagonica.com\/index.php\/wp-json\/wp\/v2\/media\/8662"}],"wp:attachment":[{"href":"https:\/\/politicapatagonica.com\/index.php\/wp-json\/wp\/v2\/media?parent=8661"}],"wp:term":[{"taxonomy":"category","embeddable":true,"href":"https:\/\/politicapatagonica.com\/index.php\/wp-json\/wp\/v2\/categories?post=8661"},{"taxonomy":"post_tag","embeddable":true,"href":"https:\/\/politicapatagonica.com\/index.php\/wp-json\/wp\/v2\/tags?post=8661"}],"curies":[{"name":"wp","href":"https:\/\/api.w.org\/{rel}","templated":true}]}}