{"id":8658,"date":"2026-03-06T17:37:50","date_gmt":"2026-03-06T17:37:50","guid":{"rendered":"https:\/\/politicapatagonica.com\/?p=8658"},"modified":"2026-03-06T21:59:07","modified_gmt":"2026-03-06T21:59:07","slug":"caida-del-consumo-y-despidos-tierra-del-fuego-entre-las-provincias-con-mayor-caida-del-empleo-privado-del-pais","status":"publish","type":"post","link":"https:\/\/politicapatagonica.com\/index.php\/2026\/03\/06\/caida-del-consumo-y-despidos-tierra-del-fuego-entre-las-provincias-con-mayor-caida-del-empleo-privado-del-pais\/","title":{"rendered":"Ca\u00edda del consumo y despidos: Tierra del Fuego entre las provincias con mayor ca\u00edda del empleo privado del pa\u00eds"},"content":{"rendered":"\n<p>La crisis del empleo formal golpea con fuerza a Tierra del Fuego.<strong>&nbsp;Seg\u00fan los \u00faltimos datos del Sistema Integrado Previsional Argentino (SIPA), la provincia se ubica entre las jurisdicciones con mayor ca\u00edda del empleo privado registrado en la Argentina.<\/strong><\/p>\n\n\n\n<p>El informe muestra que Tierra del Fuego registra <strong>una baja del 10,7% del empleo formal en la comparaci\u00f3n interanual entre noviembre de 2025 y noviembre de 2023, ubic\u00e1ndose en el puesto 20 del ranking nacional sobre 24 provincias.<\/strong><\/p>\n\n\n\n<p>S\u00f3lo tres distritos muestran ca\u00eddas m\u00e1s profundas: Formosa (-11,3%), La Rioja (-14%) y Santa Cruz (-16,2%), que encabeza la lista de las provincias con mayor destrucci\u00f3n de empleo privado.<\/p>\n\n\n\n<p>El ranking nacional refleja un deterioro generalizado del empleo formal en gran parte del pa\u00eds.&nbsp;<strong>De las 24 jurisdicciones, 22 registraron ca\u00eddas en el empleo privado, mientras que s\u00f3lo dos provincias lograron crecer:&nbsp;Neuqu\u00e9n: +3,4% y R\u00edo Negro: +0,7%<\/strong><\/p>\n\n\n\n<p><strong>En el resto del pa\u00eds las cifras son negativas, con retrocesos que van desde el -0,6% en Mendoza hasta el -16,2% en Santa Cruz.<\/strong><\/p>\n\n\n\n<p><strong>En el caso de Tierra del Fuego, el empleo privado est\u00e1 fuertemente concentrado en la industria, especialmente en el polo electr\u00f3nico radicado en R\u00edo Grande y Ushuaia, uno de los principales motores econ\u00f3micos de la provincia.<\/strong>&nbsp;El sector depende en gran medida del consumo interno, por lo que la ca\u00edda del poder adquisitivo y la retracci\u00f3n del mercado impactan directamente en la producci\u00f3n y en la generaci\u00f3n de puestos de trabajo.<\/p>\n\n\n\n<p>Durante los \u00faltimos meses, distintas empresas del sector industrial redujeron niveles de producci\u00f3n frente a la ca\u00edda de ventas en el mercado nacional, un escenario que repercute en el empleo registrado.<\/p>\n\n\n\n<p>El retroceso del empleo formal forma parte de una tendencia m\u00e1s amplia a nivel nacional.&nbsp;Al mismo tiempo, crece el trabajo independiente o monotributista, una modalidad que en muchos casos reemplaza empleos asalariados formales.<\/p>\n\n\n\n<p><strong>Para Tierra del Fuego, donde la industria es uno de los principales generadores de empleo privado, la ca\u00edda del trabajo registrado representa una se\u00f1al de alerta sobre la situaci\u00f3n econ\u00f3mica y productiva de la provincia.<\/strong><\/p>\n\n\n\n<p>Con una estructura productiva fuertemente dependiente del mercado interno, la evoluci\u00f3n del consumo y de la actividad industrial ser\u00e1 clave para determinar si la tendencia puede revertirse en los pr\u00f3ximos meses.<\/p>\n\n\n\n<p><strong>Fuente: www.sur54.com<\/strong><\/p>\n","protected":false},"excerpt":{"rendered":"<p>La crisis del empleo formal golpea con fuerza a Tierra del Fuego.&nbsp;Seg\u00fan los \u00faltimos datos del Sistema Integrado Previsional Argentino (SIPA), la provincia se ubica entre las jurisdicciones con mayor ca\u00edda del empleo privado registrado en la Argentina. El informe muestra que Tierra del Fuego registra una baja del 10,7% del empleo formal en la [&hellip;]<\/p>\n","protected":false},"author":5,"featured_media":8659,"comment_status":"open","ping_status":"open","sticky":false,"template":"","format":"standard","meta":[],"categories":[11],"tags":[],"_links":{"self":[{"href":"https:\/\/politicapatagonica.com\/index.php\/wp-json\/wp\/v2\/posts\/8658"}],"collection":[{"href":"https:\/\/politicapatagonica.com\/index.php\/wp-json\/wp\/v2\/posts"}],"about":[{"href":"https:\/\/politicapatagonica.com\/index.php\/wp-json\/wp\/v2\/types\/post"}],"author":[{"embeddable":true,"href":"https:\/\/politicapatagonica.com\/index.php\/wp-json\/wp\/v2\/users\/5"}],"replies":[{"embeddable":true,"href":"https:\/\/politicapatagonica.com\/index.php\/wp-json\/wp\/v2\/comments?post=8658"}],"version-history":[{"count":2,"href":"https:\/\/politicapatagonica.com\/index.php\/wp-json\/wp\/v2\/posts\/8658\/revisions"}],"predecessor-version":[{"id":8670,"href":"https:\/\/politicapatagonica.com\/index.php\/wp-json\/wp\/v2\/posts\/8658\/revisions\/8670"}],"wp:featuredmedia":[{"embeddable":true,"href":"https:\/\/politicapatagonica.com\/index.php\/wp-json\/wp\/v2\/media\/8659"}],"wp:attachment":[{"href":"https:\/\/politicapatagonica.com\/index.php\/wp-json\/wp\/v2\/media?parent=8658"}],"wp:term":[{"taxonomy":"category","embeddable":true,"href":"https:\/\/politicapatagonica.com\/index.php\/wp-json\/wp\/v2\/categories?post=8658"},{"taxonomy":"post_tag","embeddable":true,"href":"https:\/\/politicapatagonica.com\/index.php\/wp-json\/wp\/v2\/tags?post=8658"}],"curies":[{"name":"wp","href":"https:\/\/api.w.org\/{rel}","templated":true}]}}