{"id":8655,"date":"2026-03-06T17:31:18","date_gmt":"2026-03-06T17:31:18","guid":{"rendered":"https:\/\/politicapatagonica.com\/?p=8655"},"modified":"2026-03-06T17:31:20","modified_gmt":"2026-03-06T17:31:20","slug":"sigue-la-purga-en-el-estado-neuquino-despidieron-a-un-portero-condenado-por-abuso-y-a-un-policia","status":"publish","type":"post","link":"https:\/\/politicapatagonica.com\/index.php\/2026\/03\/06\/sigue-la-purga-en-el-estado-neuquino-despidieron-a-un-portero-condenado-por-abuso-y-a-un-policia\/","title":{"rendered":"Sigue la purga en el Estado neuquino: despidieron a un portero condenado por abuso y a un polic\u00eda"},"content":{"rendered":"\n<p><strong>Un ex portero<\/strong> de un establecimiento educativo condenado por abuso sexual -ocurrido fuera del \u00e1mbito institucional- y un suboficial de Polic\u00eda que acumul\u00f3 faltas disciplinarias, fueron<strong>\u00a0despedidos del Estado neuquino<\/strong>\u00a0y se sumaron a la larga lista de expulsados a partir de la purga que puso en marcha el gobierno de Rolando Figueroa. Ambos decretos fueron publicados\u00a0<strong>este viernes en el bolet\u00edn oficial.<\/strong><\/p>\n\n\n\n<p>Por un lado,<strong> el Ejecutivo provincial convalid\u00f3 la resoluci\u00f3n que el Consejo Provincial de Educaci\u00f3n (CPE) hab\u00eda emitido el 29 de diciembre \u00faltimo y dio de baja al agente Hugo Miguel Inostroza,<\/strong> quien se desempe\u00f1aba como\u00a0<strong>auxiliar de servicios<\/strong>\u00a0en el Instituto de Formaci\u00f3n Docente N\u00ba 6, en el nivel primario.<\/p>\n\n\n\n<p>Tal como lo establecen las normas, el despido se hizo efectivo una vez que qued\u00f3 firme la sentencia en una causa (de 2019) caratulada como \u201cInostroza, Hugo Miguel; S\/ abuso sexual con acceso carnal\u201d. Eso le hizo perder el derecho a la estabilidad laboral.<\/p>\n\n\n\n<p>En el expediente consta que<strong>\u00a0fue condenado a la pena de ocho a\u00f1os de prisi\u00f3n\u00a0<\/strong>(m\u00e1s accesorias legales y costas), y que el delito que la Justicia dio por acreditado fue el de \u201cabuso sexual con acceso carnal agravado por el v\u00ednculo\u201d. Se indic\u00f3,<strong> adem\u00e1s, que -en virtud de la gravedad del hecho- ya estaba preso (con prisi\u00f3n preventiva) cuando lleg\u00f3 la condena.<\/strong><\/p>\n\n\n\n<p>\u201cLos hechos mencionados, en este caso la condena penal, generan en el agente Inostroza una<strong>\u00a0incompatibilidad con el desempe\u00f1o de su actividad laboral<\/strong>\u00a0en la administraci\u00f3n p\u00fablica\u201d, dice en el documento oficial. Y agrega que \u201c<strong>no cuenta con las condiciones morales y de conducta que prev\u00e9 la normativa vigente para desempe\u00f1arse como auxiliar de servicio, habi\u00e9ndose constatado una causal objetiva d<\/strong>e inhabilidad para la funci\u00f3n p\u00fablica conforme lo resuelto judicialmente, por lo que debe cesar autom\u00e1ticamente en todos los cargos que ostente\u201d.<\/p>\n\n\n\n<p>La otra destituci\u00f3n por cesant\u00eda recay\u00f3 sobre el ahora ex cabo de la Polic\u00eda neuquina,&nbsp;<strong>Gustavo Gabriel Querci,&nbsp;<\/strong>quien fue despedido por&nbsp;<strong>acumulaci\u00f3n de faltas.<\/strong>&nbsp;Seg\u00fan se indic\u00f3 al respecto, purg\u00f3 90 d\u00edas de arresto policial en el per\u00edodo comprendido entre el 28 de noviembre de 2024 y el 6 de abril de 2025.<\/p>\n\n\n\n<p><strong>Eso representa un incumplimiento del reglamento del R\u00e9gimen Disciplinario Policial, por lo que el 21 de abril de 2025 la Jefatura de Polic\u00eda le solicit\u00f3 al Ejecutivo la destituci\u00f3n por cesant\u00eda.<\/strong><\/p>\n\n\n\n<p>En ese sentido, se explic\u00f3 que la \u201c<strong>acumulaci\u00f3n de sanciones con m\u00e1s de 60 d\u00edas de arresto<\/strong>\u00a0o 20 d\u00edas de suspensi\u00f3n en el lapso de un a\u00f1o, ser\u00e1 considerada causal de cesant\u00eda\u201d.<strong> As\u00ed se sum\u00f3 a la larga lista de \u00f1oquis e indisciplinados que fueron alcanzados por la tolerancia cero.<\/strong><\/p>\n\n\n\n<p><strong>Fuente: www.lmneuquen.com<\/strong><\/p>\n","protected":false},"excerpt":{"rendered":"<p>Un ex portero de un establecimiento educativo condenado por abuso sexual -ocurrido fuera del \u00e1mbito institucional- y un suboficial de Polic\u00eda que acumul\u00f3 faltas disciplinarias, fueron\u00a0despedidos del Estado neuquino\u00a0y se sumaron a la larga lista de expulsados a partir de la purga que puso en marcha el gobierno de Rolando Figueroa. Ambos decretos fueron publicados\u00a0este [&hellip;]<\/p>\n","protected":false},"author":5,"featured_media":8656,"comment_status":"open","ping_status":"open","sticky":false,"template":"","format":"standard","meta":[],"categories":[9],"tags":[],"_links":{"self":[{"href":"https:\/\/politicapatagonica.com\/index.php\/wp-json\/wp\/v2\/posts\/8655"}],"collection":[{"href":"https:\/\/politicapatagonica.com\/index.php\/wp-json\/wp\/v2\/posts"}],"about":[{"href":"https:\/\/politicapatagonica.com\/index.php\/wp-json\/wp\/v2\/types\/post"}],"author":[{"embeddable":true,"href":"https:\/\/politicapatagonica.com\/index.php\/wp-json\/wp\/v2\/users\/5"}],"replies":[{"embeddable":true,"href":"https:\/\/politicapatagonica.com\/index.php\/wp-json\/wp\/v2\/comments?post=8655"}],"version-history":[{"count":1,"href":"https:\/\/politicapatagonica.com\/index.php\/wp-json\/wp\/v2\/posts\/8655\/revisions"}],"predecessor-version":[{"id":8657,"href":"https:\/\/politicapatagonica.com\/index.php\/wp-json\/wp\/v2\/posts\/8655\/revisions\/8657"}],"wp:featuredmedia":[{"embeddable":true,"href":"https:\/\/politicapatagonica.com\/index.php\/wp-json\/wp\/v2\/media\/8656"}],"wp:attachment":[{"href":"https:\/\/politicapatagonica.com\/index.php\/wp-json\/wp\/v2\/media?parent=8655"}],"wp:term":[{"taxonomy":"category","embeddable":true,"href":"https:\/\/politicapatagonica.com\/index.php\/wp-json\/wp\/v2\/categories?post=8655"},{"taxonomy":"post_tag","embeddable":true,"href":"https:\/\/politicapatagonica.com\/index.php\/wp-json\/wp\/v2\/tags?post=8655"}],"curies":[{"name":"wp","href":"https:\/\/api.w.org\/{rel}","templated":true}]}}