{"id":8651,"date":"2026-03-06T17:26:59","date_gmt":"2026-03-06T17:26:59","guid":{"rendered":"https:\/\/politicapatagonica.com\/?p=8651"},"modified":"2026-03-06T21:54:48","modified_gmt":"2026-03-06T21:54:48","slug":"monsalve-le-contesto-a-lovera-es-un-proyecto-del-pueblo-sin-banderas-politicas","status":"publish","type":"post","link":"https:\/\/politicapatagonica.com\/index.php\/2026\/03\/06\/monsalve-le-contesto-a-lovera-es-un-proyecto-del-pueblo-sin-banderas-politicas\/","title":{"rendered":"Intendente de 25 de Mayo defiende licitaci\u00f3n del yacimiento Medanito: &#8220;Es un proyecto del pueblo sin banderas pol\u00edticas&#8221;"},"content":{"rendered":"\n<p><strong>El intendente de 25 de Mayo, Leonel Monsalve, sali\u00f3 a cruzar las declaraciones del diputado vernista Daniel Lovera, quien calific\u00f3 de \u201cun disparate\u201d al proyecto alternativo que present\u00f3 el intendente<\/strong>. El jefe comunal le record\u00f3 que se trata \u201cde un documento de la mayor\u00eda del pueblo y sin banderas pol\u00edticas en el que se expresa la realidad\u201d. Finalmente pidi\u00f3 di\u00e1logo para pactar una transici\u00f3n hasta la licitaci\u00f3n.<\/p>\n\n\n\n<p>Ayer, tras la sesi\u00f3n en Diputados, el presidente del bloque oficialista,<strong> Daniel Lovera, expres\u00f3 que el bloque coincide \u201ccon el proyecto que el gobernador envi\u00f3 a la Legislatura,<\/strong> lo hablamos con \u00e9l, ante una situaci\u00f3n transitoria de urgencia. Necesitamos sobre todo para llevar tranquilidad, y<strong> si nos ponemos a trabajar r\u00e1pido podemos hablar de mucho menos tiempo que dos a\u00f1os<\/strong>\u201d como <strong>refiere la transici\u00f3n que tendr\u00eda como v\u00e9rtice a Pampetrol y que se haga una nueva licitaci\u00f3n. <\/strong>Y confirm\u00f3 que \u201cpara que haya inversi\u00f3n tendr\u00e1 que haber una nueva licitaci\u00f3n\u201d, dijo.<\/p>\n\n\n\n<p>Preguntado por el informe ambiental, que sac\u00f3 de la competencia a Petroqu\u00edmica Comodoro Rivadavia,<strong>\u00a0 sostuvo que \u201cla ley es taxativa por lo que resulta un tr\u00e1mite ineludible\u201d<\/strong>. En el final hizo referencia al proyecto que impulsa el intendente de 25 de Mayo sobre Medanito, y no dej\u00f3 lugar a dudas: \u201ces un disparate\u201d, y, adem\u00e1s, tild\u00f3 a Monsalve de \u201copin\u00f3logo rentado\u201d.\u00a0\u00a0<\/p>\n\n\n\n<p>Hoy,<strong> el intendente de 25 de Mayo, a trav\u00e9s de un mensaje subido a las redes sociales,<\/strong> le respondi\u00f3 a estos dichos. Se identific\u00f3 en forma como <strong>\u201cun opin\u00f3logo que vive en 25 de Mayo, que escuch\u00f3 desde el minuto uno a la comunidad, que expres\u00f3 un documento de la mayor\u00eda y sin bandera pol\u00edtica en el que se expresa la realidad\u201d.<\/strong><\/p>\n\n\n\n<p>Y afirm\u00f3 que en <strong>el proyecto se contempla la realidad de que \u201cPampetrol no tiene las herramientas ni fondos para desarrollar un proyecto <\/strong>de inversi\u00f3n; esto recae en baja de producci\u00f3n, ca\u00edda de puestos de trabajo paulatinamente y control casi total del yacimiento por parte de una empresa estatal\u201d.<\/p>\n\n\n\n<p>Y agreg\u00f3 que \u201c<strong>sin faltarle el respeto a la c\u00fapula pol\u00edtica, pese a que me lo han faltado y mucho, si escucharan a la gente de 25, la misma a la que luego le piden que los acompa\u00f1en en sus campa\u00f1as, ver\u00edan muchas m\u00e1s cosas<\/strong>. Las condiciones laborales, los pagos bajos y por igual, la cantidad de gente administrativa y no operativa, la gran realidad de que si no se invierte el yacimiento ser\u00e1 irremontable\u201d.<\/p>\n\n\n\n<p>\u201cEl pueblo se expres\u00f3\u201d.<\/p>\n\n\n\n<p>Tambi\u00e9n<strong> afirm\u00f3 que es vocero de los veinticinque\u00f1os. \u201cLamento que nunca entendieran que lo que siempre expres\u00e9 fue lo que expres\u00f3 el pueblo.<\/strong> Lamento no ser el que agacha la cabeza. No va a pasar m\u00e1s cuando se pone en juego el trabajo y el futuro de nuestra gente y sus hijos\u201d.<\/p>\n\n\n\n<p>Asimismo<strong> denunci\u00f3 presiones pol\u00edticas <\/strong>para desestimar el proyecto de una licitaci\u00f3n expr\u00e9s. \u201cSer\u00e1n d\u00edas largos de planteos; ya a muchos empresarios los han condicionado para que no se expresen, otros que arrancaron con el pueblo hoy hacen silencio, pero lamento decirles que el pueblo ve el objetivo de todo esto\u201d.<\/p>\n\n\n\n<p>E insisti\u00f3 en que<strong> \u201csin \u00e1nimo de ofender, entiendan que si sale a licitaci\u00f3n nos beneficiamos todos: m\u00e1s inversi\u00f3n, m\u00e1s puestos de trabajo, obras para la provincia y para 25\u201d.<\/strong><\/p>\n\n\n\n<p>Y en este punto plante\u00f3 un velado reclamo por pocos aportes del Gobierno Provincial a su gesti\u00f3n.\u00a0 \u201cP\u00e1rrafo aparte para este \u00faltimo tema: \u00bfvemos obras de agua, rutas y otras en la capital y ciudades grandes? \u00bfAhora no merece el pueblo de 25, de donde sale el petr\u00f3leo, de donde sale el r\u00edo Colorado, de donde salen los principales recursos de La Pampa?\u201d, se quej\u00f3.<\/p>\n\n\n\n<p>La transici\u00f3n hasta la licitaci\u00f3n.<\/p>\n\n\n\n<p>En la misiva pidi\u00f3 a los diputados que revean su visi\u00f3n sobre, seg\u00fan cree, es lo m\u00e1s conveniente para 25 de Mayo y la Provincia. <strong>\u201cCon todo respeto, no estoy rentado; lo hago por sentido com\u00fan y porque durante estos 4 a\u00f1os el pueblo me eligi\u00f3 para defender sus derechos<\/strong>. He tenido muchos errores, mucha inexperiencia, pero en esto no me equivoco: lo expres\u00f3 el pueblo, los trabajadores y las empresas de servicios (los que se animan a hablar)\u201d.<\/p>\n\n\n\n<p>\u201cEscuchen, por favor. Est\u00e1n a tiempo de darle un buen futuro a la provincia y a la localidad.<strong> Hay empresas que quieren participar, pero con las condiciones de todo el pa\u00eds; no somos una burbuja, somos parte de Argentina,<\/strong> y es nuestro deber bajar regal\u00edas, bajar bono y garantizar las condiciones para que este yacimiento, que tiene mucho para dar, genere mucho trabajo y frutos. Que ning\u00fan veinticinque\u00f1o se tenga que ir, que no tengamos que changuear cuando deber\u00eda haber posibilidades para todos.<\/p>\n\n\n\n<p>Lo lamento por mi postura, pero es necesario expresarla, y que pase lo que pase sepan que la mejor opci\u00f3n siempre ser\u00e1 el privado en tem\u00e1tica de petr\u00f3leo\u201d, reiter\u00f3 enf\u00e1ticamente.<\/p>\n\n\n\n<p>Finalmente hizo un pedido de que desde Provincia pacte una transici\u00f3n productiva. \u201cY si quieren escuchar un poco m\u00e1s, porque estamos dispuestos <strong>los veinticinque\u00f1os a escuchar y dialogar, en su proyecto agreguen las condiciones de producci\u00f3n, inversi\u00f3n y coparticipaci\u00f3n necesarias para que podamos atravesar esta tormenta<\/strong>, hasta que de inmediato, con el compromiso escrito, salga la licitaci\u00f3n al mundo\u201d, concluy\u00f3 el intendente Leonel Monsalve.<\/p>\n\n\n\n<p><strong>Fuente: www.laarena.com.ar<\/strong><\/p>\n","protected":false},"excerpt":{"rendered":"<p>El intendente de 25 de Mayo, Leonel Monsalve, sali\u00f3 a cruzar las declaraciones del diputado vernista Daniel Lovera, quien calific\u00f3 de \u201cun disparate\u201d al proyecto alternativo que present\u00f3 el intendente. El jefe comunal le record\u00f3 que se trata \u201cde un documento de la mayor\u00eda del pueblo y sin banderas pol\u00edticas en el que se expresa [&hellip;]<\/p>\n","protected":false},"author":5,"featured_media":8653,"comment_status":"open","ping_status":"open","sticky":false,"template":"","format":"standard","meta":[],"categories":[10],"tags":[],"_links":{"self":[{"href":"https:\/\/politicapatagonica.com\/index.php\/wp-json\/wp\/v2\/posts\/8651"}],"collection":[{"href":"https:\/\/politicapatagonica.com\/index.php\/wp-json\/wp\/v2\/posts"}],"about":[{"href":"https:\/\/politicapatagonica.com\/index.php\/wp-json\/wp\/v2\/types\/post"}],"author":[{"embeddable":true,"href":"https:\/\/politicapatagonica.com\/index.php\/wp-json\/wp\/v2\/users\/5"}],"replies":[{"embeddable":true,"href":"https:\/\/politicapatagonica.com\/index.php\/wp-json\/wp\/v2\/comments?post=8651"}],"version-history":[{"count":4,"href":"https:\/\/politicapatagonica.com\/index.php\/wp-json\/wp\/v2\/posts\/8651\/revisions"}],"predecessor-version":[{"id":8669,"href":"https:\/\/politicapatagonica.com\/index.php\/wp-json\/wp\/v2\/posts\/8651\/revisions\/8669"}],"wp:featuredmedia":[{"embeddable":true,"href":"https:\/\/politicapatagonica.com\/index.php\/wp-json\/wp\/v2\/media\/8653"}],"wp:attachment":[{"href":"https:\/\/politicapatagonica.com\/index.php\/wp-json\/wp\/v2\/media?parent=8651"}],"wp:term":[{"taxonomy":"category","embeddable":true,"href":"https:\/\/politicapatagonica.com\/index.php\/wp-json\/wp\/v2\/categories?post=8651"},{"taxonomy":"post_tag","embeddable":true,"href":"https:\/\/politicapatagonica.com\/index.php\/wp-json\/wp\/v2\/tags?post=8651"}],"curies":[{"name":"wp","href":"https:\/\/api.w.org\/{rel}","templated":true}]}}