{"id":8643,"date":"2026-03-04T18:56:29","date_gmt":"2026-03-04T18:56:29","guid":{"rendered":"https:\/\/politicapatagonica.com\/?p=8643"},"modified":"2026-03-05T15:23:17","modified_gmt":"2026-03-05T15:23:17","slug":"gamboa-itb-berlin-nos-permite-consolidar-mercados-y-posicionar-a-santa-cruz-en-europa","status":"publish","type":"post","link":"https:\/\/politicapatagonica.com\/index.php\/2026\/03\/04\/gamboa-itb-berlin-nos-permite-consolidar-mercados-y-posicionar-a-santa-cruz-en-europa\/","title":{"rendered":"Santa Cruz en la Feria Internacional de Turismo de Berl\u00edn: &#8220;Ac\u00e1 se abren oportunidades para posicionar nuestra oferta&#8221;"},"content":{"rendered":"\n<p><strong>En representaci\u00f3n de la provincia se encuentran la ministra de la Producci\u00f3n, Comercio e Industria, Nadia Ricci, y el secretario de Estado de Turismo, Diego Gamboa, quienes forman parte de la delegaci\u00f3n argentina <\/strong>que busca posicionar la oferta tur\u00edstica nacional, y fortalecer los v\u00ednculos comerciales con operadores del mercado europeo.<\/p>\n\n\n\n<p>Gamboa explic\u00f3 que<strong> la feria constituye una plataforma clave para el desarrollo de reuniones comerciales y el intercambio con operadores internacionales.<\/strong><\/p>\n\n\n\n<p>\u201cEstamos en uno de los<strong> encuentros profesionales m\u00e1s importantes del sector tur\u00edstico<\/strong>. Ac\u00e1 se generan reuniones directas con operadores mayoristas, se consolidan mercados existentes, y se abren nuevas oportunidades para posicionar la oferta tur\u00edstica argentina y de Santa Cruz\u201d, se\u00f1al\u00f3.<\/p>\n\n\n\n<p>El funcionario indic\u00f3 que el objetivo es<strong> reforzar la presencia de la provincia en el mercado europeo, especialmente en Alemania, donde existe un inter\u00e9s particular por los destinos de naturaleza y aventura que caracterizan a la regi\u00f3<\/strong>n.<\/p>\n\n\n\n<p>\u201cAdem\u00e1s de consolidar los destinos ya posicionados como <strong>El Calafate y El Chalt\u00e9n<\/strong>, estamos trabajando para visibilizar otros lugares de la provincia que est\u00e1n en pleno desarrollo, como Puerto Deseado o Lago Posadas, que tienen un enorme potencial tur\u00edstico\u201d, destac\u00f3.<\/p>\n\n\n\n<p>En ese sentido, explic\u00f3 que las acciones<strong> incluyen encuentros con operadores tur\u00edsticos internacionales, intercambio de herramientas de promoci\u00f3n y la generaci\u00f3n de capacitaciones dirigidas a agencias<\/strong> y mayoristas interesados en incorporar destinos de Santa Cruz dentro de sus propuestas de viaje.<\/p>\n\n\n\n<p>Gamboa tambi\u00e9n subray\u00f3 la importancia del mercado europeo para el turismo provincial. Seg\u00fan datos analizados por la Secretar\u00eda de Estado de Turismo, cerca del 50% de los visitantes internacionales que llegan a Santa Cruz provienen de Europa, especialmente de pa\u00edses como Espa\u00f1a, Alemania y Francia.<strong> \u201cLa presencia en este tipo de ferias nos permite fortalecer v\u00ednculos, posicionar nuestros destinos y seguir trabajando para que m\u00e1s turistas internacionales elijan Santa Cruz\u201d,<\/strong> concluy\u00f3.<\/p>\n\n\n\n<p>La participaci\u00f3n en Feria ITB Berl\u00edn forma parte d<strong>e la estrategia de promoci\u00f3n tur\u00edstica internacional impulsada por el Gobierno de Santa Cruz, orientada a consolidar mercados, ampliar la llegada de visitantes y acompa\u00f1ar el desarrollo tur\u00edstico de toda la provincia.<\/strong><\/p>\n\n\n\n<p><strong>Fuente: noticias.santacruz.gob.ar<\/strong><\/p>\n","protected":false},"excerpt":{"rendered":"<p>En representaci\u00f3n de la provincia se encuentran la ministra de la Producci\u00f3n, Comercio e Industria, Nadia Ricci, y el secretario de Estado de Turismo, Diego Gamboa, quienes forman parte de la delegaci\u00f3n argentina que busca posicionar la oferta tur\u00edstica nacional, y fortalecer los v\u00ednculos comerciales con operadores del mercado europeo. Gamboa explic\u00f3 que la feria [&hellip;]<\/p>\n","protected":false},"author":5,"featured_media":8644,"comment_status":"open","ping_status":"open","sticky":false,"template":"","format":"standard","meta":[],"categories":[8],"tags":[],"_links":{"self":[{"href":"https:\/\/politicapatagonica.com\/index.php\/wp-json\/wp\/v2\/posts\/8643"}],"collection":[{"href":"https:\/\/politicapatagonica.com\/index.php\/wp-json\/wp\/v2\/posts"}],"about":[{"href":"https:\/\/politicapatagonica.com\/index.php\/wp-json\/wp\/v2\/types\/post"}],"author":[{"embeddable":true,"href":"https:\/\/politicapatagonica.com\/index.php\/wp-json\/wp\/v2\/users\/5"}],"replies":[{"embeddable":true,"href":"https:\/\/politicapatagonica.com\/index.php\/wp-json\/wp\/v2\/comments?post=8643"}],"version-history":[{"count":2,"href":"https:\/\/politicapatagonica.com\/index.php\/wp-json\/wp\/v2\/posts\/8643\/revisions"}],"predecessor-version":[{"id":8650,"href":"https:\/\/politicapatagonica.com\/index.php\/wp-json\/wp\/v2\/posts\/8643\/revisions\/8650"}],"wp:featuredmedia":[{"embeddable":true,"href":"https:\/\/politicapatagonica.com\/index.php\/wp-json\/wp\/v2\/media\/8644"}],"wp:attachment":[{"href":"https:\/\/politicapatagonica.com\/index.php\/wp-json\/wp\/v2\/media?parent=8643"}],"wp:term":[{"taxonomy":"category","embeddable":true,"href":"https:\/\/politicapatagonica.com\/index.php\/wp-json\/wp\/v2\/categories?post=8643"},{"taxonomy":"post_tag","embeddable":true,"href":"https:\/\/politicapatagonica.com\/index.php\/wp-json\/wp\/v2\/tags?post=8643"}],"curies":[{"name":"wp","href":"https:\/\/api.w.org\/{rel}","templated":true}]}}