{"id":8486,"date":"2026-02-06T20:22:00","date_gmt":"2026-02-06T20:22:00","guid":{"rendered":"https:\/\/politicapatagonica.com\/?p=8486"},"modified":"2026-02-06T21:32:31","modified_gmt":"2026-02-06T21:32:31","slug":"dante-bowen-acompano-al-gobernador-axel-kicillof-en-carmen-de-patagones","status":"publish","type":"post","link":"https:\/\/politicapatagonica.com\/index.php\/2026\/02\/06\/dante-bowen-acompano-al-gobernador-axel-kicillof-en-carmen-de-patagones\/","title":{"rendered":"El intendente Dante Bowen acompa\u00f1\u00f3 al gobernador Axel Kicillof en Carmen de Patagones"},"content":{"rendered":"\n<p><strong>Bowen viaj\u00f3 previamente a la ciudad de Viedma a un encuentro con referentes de la Patagonia de la Corriente Patria y Futuro perteneciente al Movimiento Derecho al Futuro que lidera Kicillof <\/strong>y luego acompa\u00f1\u00f3 la intensa agenda pol\u00edtica que el gobernador llev\u00f3 adelante en la ciudad de Carmen de Patagones<\/p>\n\n\n\n<p><strong>Patria y Futuro es el brazo pol\u00edtico axelista que responde a Carlos Bianco,<\/strong> actual Ministro de Gobierno y uno de los principales armadores del proyecto pol\u00edtico del gobernador de Bs As.&nbsp;<br>Jose Campagnoli integrante de la conducci\u00f3n de Patria y Futuro y funcionario de Carli fue quien convoc\u00f3 a la reuni\u00f3n de referentes de la patagonia<\/p>\n\n\n\n<p>&#8220;Nos volvemos a Chubut muy entusiasmados con los proyectos y desaf\u00edos que tenemos en la regi\u00f3n y el pa\u00eds. Son tiempos dif\u00edciles que <strong>necesitan de nuevos liderazgos como el de Axel a nivel nacional y que nos empujan a pensar como construir una alternativa para nuestra Provincia&#8221;<\/strong><\/p>\n\n\n\n<p>&#8220;A Milei no alcanza con decir que hay que frenarlo sino que a su vez<strong> tenemos la obligaci\u00f3n de pensar una agenda y propuestas por el bien del pa\u00eds, la provincia <\/strong>y nuestras queridas ciudades y localidades donde vivimos todos los d\u00edas&#8221; <strong>hizo saber Bowen<\/strong> al finalizar estos encuentros.<\/p>\n\n\n\n<p><strong>Fuente: www.elchubut.com.ar<\/strong><\/p>\n","protected":false},"excerpt":{"rendered":"<p>Bowen viaj\u00f3 previamente a la ciudad de Viedma a un encuentro con referentes de la Patagonia de la Corriente Patria y Futuro perteneciente al Movimiento Derecho al Futuro que lidera Kicillof y luego acompa\u00f1\u00f3 la intensa agenda pol\u00edtica que el gobernador llev\u00f3 adelante en la ciudad de Carmen de Patagones Patria y Futuro es el [&hellip;]<\/p>\n","protected":false},"author":5,"featured_media":8487,"comment_status":"open","ping_status":"open","sticky":false,"template":"","format":"standard","meta":[],"categories":[14],"tags":[],"_links":{"self":[{"href":"https:\/\/politicapatagonica.com\/index.php\/wp-json\/wp\/v2\/posts\/8486"}],"collection":[{"href":"https:\/\/politicapatagonica.com\/index.php\/wp-json\/wp\/v2\/posts"}],"about":[{"href":"https:\/\/politicapatagonica.com\/index.php\/wp-json\/wp\/v2\/types\/post"}],"author":[{"embeddable":true,"href":"https:\/\/politicapatagonica.com\/index.php\/wp-json\/wp\/v2\/users\/5"}],"replies":[{"embeddable":true,"href":"https:\/\/politicapatagonica.com\/index.php\/wp-json\/wp\/v2\/comments?post=8486"}],"version-history":[{"count":2,"href":"https:\/\/politicapatagonica.com\/index.php\/wp-json\/wp\/v2\/posts\/8486\/revisions"}],"predecessor-version":[{"id":8498,"href":"https:\/\/politicapatagonica.com\/index.php\/wp-json\/wp\/v2\/posts\/8486\/revisions\/8498"}],"wp:featuredmedia":[{"embeddable":true,"href":"https:\/\/politicapatagonica.com\/index.php\/wp-json\/wp\/v2\/media\/8487"}],"wp:attachment":[{"href":"https:\/\/politicapatagonica.com\/index.php\/wp-json\/wp\/v2\/media?parent=8486"}],"wp:term":[{"taxonomy":"category","embeddable":true,"href":"https:\/\/politicapatagonica.com\/index.php\/wp-json\/wp\/v2\/categories?post=8486"},{"taxonomy":"post_tag","embeddable":true,"href":"https:\/\/politicapatagonica.com\/index.php\/wp-json\/wp\/v2\/tags?post=8486"}],"curies":[{"name":"wp","href":"https:\/\/api.w.org\/{rel}","templated":true}]}}