{"id":8482,"date":"2026-02-05T23:17:45","date_gmt":"2026-02-05T23:17:45","guid":{"rendered":"https:\/\/politicapatagonica.com\/?p=8482"},"modified":"2026-02-06T21:30:44","modified_gmt":"2026-02-06T21:30:44","slug":"la-pampa-evito-la-recesion-en-2024-y-consolido-una-decada-de-crecimiento","status":"publish","type":"post","link":"https:\/\/politicapatagonica.com\/index.php\/2026\/02\/05\/la-pampa-evito-la-recesion-en-2024-y-consolido-una-decada-de-crecimiento\/","title":{"rendered":"La Pampa evit\u00f3 la recesi\u00f3n en 2024 y consolid\u00f3 una d\u00e9cada de crecimiento, seg\u00fan un informe sobre el VAB"},"content":{"rendered":"\n<p>Un informe sobre<strong> el Valor Agregado Bruto (VAB) muestra que La Pampa logr\u00f3 expandir su econom\u00eda entre 2014 y 2024,<\/strong> en contraste con el estancamiento nacional. El agro y el comercio fueron los principales motores, y en 2024 la provincia volvi\u00f3 a destacarse al evitar la recesi\u00f3n que afect\u00f3 a la mayor\u00eda del pa\u00eds.<\/p>\n\n\n\n<p>En un contexto marcado por crisis recurrentes, ajustes macroecon\u00f3micos y fuertes desigualdades regionales,<strong> La Pampa logr\u00f3 sostener una trayectoria de crecimiento econ\u00f3mico a lo largo de la \u00faltima d\u00e9cada.<\/strong> Entre 2014 y 2024, el Valor Agregado Bruto (VAB) provincial creci\u00f3 un 8,2%, un desempe\u00f1o que la ubica entre las cuatro provincias con mejor evoluci\u00f3n del pa\u00eds y muy por encima del promedio nacional, que se mantuvo sin variaciones reales en el mismo per\u00edodo.<\/p>\n\n\n\n<p>Seg\u00fan el informe elaborado por la <strong>consultora Politikon Chaco, con datos armonizados de la CEPAL, La Pampa solo fue superada por Neuqu\u00e9n, Salta y Jujuy, y se posicion\u00f3 como una de las diez jurisdicciones que lograron expandir su econom\u00eda en la \u00faltima d\u00e9cada<\/strong>. En contrapartida, catorce provincias terminaron 2024 con niveles de actividad inferiores a los registrados diez a\u00f1os atr\u00e1s.<\/p>\n\n\n\n<p>Los sectores que empujaron el crecimiento<\/p>\n\n\n\n<p>El an\u00e1lisis sectorial del VAB permite identificar con claridad los motores del crecimiento pampeano.<strong> El principal impulso provino del sector agropecuario, que registr\u00f3 una expansi\u00f3n del 46,5% entre 2014 y 2024.<\/strong> Se trata de un rubro central para la estructura productiva provincial, ya que actualmente explica el 20,3% del total del VAB de La Pampa.<\/p>\n\n\n\n<p>Otro pilar clave fue el<strong> comercio, que creci\u00f3 un 30,4% en la d\u00e9cada y se consolid\u00f3 como la actividad de mayor peso relativo en la econom\u00eda <\/strong>provincial, con una participaci\u00f3n del 26% del VAB. Tambi\u00e9n se destac\u00f3 la Administraci\u00f3n P\u00fablica, con un incremento del 34,2%, que representa el 7,3% de la matriz productiva.<\/p>\n\n\n\n<p>En contraste, algunos sectores mostraron fuertes retrocesos. La explotaci\u00f3n de minas y canteras cay\u00f3 un 50,8%, la intermediaci\u00f3n financiera se contrajo un 43,2% y la construcci\u00f3n registr\u00f3 una baja del 8,8% en la comparaci\u00f3n interanual de la d\u00e9cada. <strong>Estos datos reflejan tanto la especializaci\u00f3n productiva pampeana como las limitaciones estructurales para diversificar su econom\u00eda<\/strong>.<\/p>\n\n\n\n<p><strong>Un 2024 sin ca\u00edda, en medio de la recesi\u00f3n nacional<\/strong><\/p>\n\n\n\n<p>El informe tambi\u00e9n analiza el impacto del primer a\u00f1o de gesti\u00f3n del presidente Javier Milei, comparando el desempe\u00f1o econ\u00f3mico de 2024 respecto de 2023. En ese marco, <strong>La Pampa volvi\u00f3 a diferenciarse del promedio nacional: mientras 20 de las 24 provincias registraron ca\u00eddas en su nivel de actividad, la econom\u00eda pampeana logr\u00f3 crecer un 0,4%.<\/strong><\/p>\n\n\n\n<p>Ese resultado ubic\u00f3 a la provincia dentro de un grupo muy reducido de cinco jurisdicciones que evitaron la recesi\u00f3n el \u00faltimo a\u00f1o,<strong> junto con Neuqu\u00e9n (+11,3%), C\u00f3rdoba (+4,5%), Santa Fe (+3,1%) y Entre R\u00edos (+0,4%).<\/strong> En el extremo opuesto, Formosa y Tierra del Fuego sufrieron desplomes superiores al 12%.<\/p>\n\n\n\n<p>Un mapa federal desigual<\/p>\n\n\n\n<p>A nivel nacional, el informe confirma una marcada heterogeneidad regional. <strong>Neuqu\u00e9n fue la gran ganadora de la d\u00e9cada, con un crecimiento del 93,3% de su VAB, impulsado casi exclusivamente por la expansi\u00f3n de Vaca Muerta<\/strong>. En cambio, provincias como Santa Cruz (-15,5%) y Tierra del Fuego (-14,8%) exhibieron las ca\u00eddas m\u00e1s profundas.<\/p>\n\n\n\n<p>En ese escenario, La Pampa logr\u00f3 mantener estable su participaci\u00f3n en el total del VAB nacional, con el 1% del producto agregado del pa\u00eds. <strong>El dato refuerza la idea de una econom\u00eda provincial<\/strong> que, apoyada en sus sectores tradicionales y en una estructura productiva relativamente estable, <strong>mostr\u00f3 una capacidad de resistencia superior al promedio<\/strong> frente a los ciclos recesivos que marcaron la \u00faltima d\u00e9cada.<\/p>\n\n\n\n<p><strong>Fuente: www.eldiariodelapampa.com.ar<\/strong><\/p>\n","protected":false},"excerpt":{"rendered":"<p>Un informe sobre el Valor Agregado Bruto (VAB) muestra que La Pampa logr\u00f3 expandir su econom\u00eda entre 2014 y 2024, en contraste con el estancamiento nacional. El agro y el comercio fueron los principales motores, y en 2024 la provincia volvi\u00f3 a destacarse al evitar la recesi\u00f3n que afect\u00f3 a la mayor\u00eda del pa\u00eds. En [&hellip;]<\/p>\n","protected":false},"author":5,"featured_media":8483,"comment_status":"open","ping_status":"open","sticky":false,"template":"","format":"standard","meta":[],"categories":[10],"tags":[],"_links":{"self":[{"href":"https:\/\/politicapatagonica.com\/index.php\/wp-json\/wp\/v2\/posts\/8482"}],"collection":[{"href":"https:\/\/politicapatagonica.com\/index.php\/wp-json\/wp\/v2\/posts"}],"about":[{"href":"https:\/\/politicapatagonica.com\/index.php\/wp-json\/wp\/v2\/types\/post"}],"author":[{"embeddable":true,"href":"https:\/\/politicapatagonica.com\/index.php\/wp-json\/wp\/v2\/users\/5"}],"replies":[{"embeddable":true,"href":"https:\/\/politicapatagonica.com\/index.php\/wp-json\/wp\/v2\/comments?post=8482"}],"version-history":[{"count":4,"href":"https:\/\/politicapatagonica.com\/index.php\/wp-json\/wp\/v2\/posts\/8482\/revisions"}],"predecessor-version":[{"id":8497,"href":"https:\/\/politicapatagonica.com\/index.php\/wp-json\/wp\/v2\/posts\/8482\/revisions\/8497"}],"wp:featuredmedia":[{"embeddable":true,"href":"https:\/\/politicapatagonica.com\/index.php\/wp-json\/wp\/v2\/media\/8483"}],"wp:attachment":[{"href":"https:\/\/politicapatagonica.com\/index.php\/wp-json\/wp\/v2\/media?parent=8482"}],"wp:term":[{"taxonomy":"category","embeddable":true,"href":"https:\/\/politicapatagonica.com\/index.php\/wp-json\/wp\/v2\/categories?post=8482"},{"taxonomy":"post_tag","embeddable":true,"href":"https:\/\/politicapatagonica.com\/index.php\/wp-json\/wp\/v2\/tags?post=8482"}],"curies":[{"name":"wp","href":"https:\/\/api.w.org\/{rel}","templated":true}]}}