{"id":8478,"date":"2026-02-05T23:06:13","date_gmt":"2026-02-05T23:06:13","guid":{"rendered":"https:\/\/politicapatagonica.com\/?p=8478"},"modified":"2026-02-06T21:24:58","modified_gmt":"2026-02-06T21:24:58","slug":"shell-ratifico-a-figueroa-que-continuara-operando-en-vaca-muerta","status":"publish","type":"post","link":"https:\/\/politicapatagonica.com\/index.php\/2026\/02\/05\/shell-ratifico-a-figueroa-que-continuara-operando-en-vaca-muerta\/","title":{"rendered":"Shell ratific\u00f3 al gobierno de Neuqu\u00e9n que continuar\u00e1 operando en Vaca Muerta"},"content":{"rendered":"\n<p>El gobernador de Neuqu\u00e9n,&nbsp;<strong>Rolando Figueroa<\/strong>, recibi\u00f3 <strong>a representantes de Shell Argentina SA<\/strong>, quienes ratificaron que la compa\u00f1\u00eda continuar\u00e1 en Vaca Muerta y que <strong>no existe ninguna decisi\u00f3n de vender o abandonar sus activos en la cuenca neuquina.<\/strong><br>&nbsp;<br>Durante el encuentro, el presidente de Shell Argentina SA,&nbsp;<strong>Germ\u00e1n Burmeister&nbsp;aclar\u00f3 que las versiones difundidas no responden a la estrategia actual de la compa\u00f1\u00eda<\/strong>, que contin\u00faa analizando oportunidades de desarrollo dentro del yacimiento no convencional m\u00e1s importante del pa\u00eds.<br>&nbsp;<br>La confirmaci\u00f3n se produjo luego de que trascendieran<strong> informaciones atribuidas a agencias internacionales <\/strong>que suger\u00edan una revisi\u00f3n de los activos de Shell en Argentina.&nbsp;<br>&nbsp;<br>El gobernador destac\u00f3 la importancia de<strong> la continuidad de Shell en Vaca Muerta, en un contexto de crecimiento de la producci\u00f3n, incremento de exportaciones y consolidaci\u00f3n de Neuqu\u00e9n como eje central del desarrollo energ\u00e9tico nacional.<\/strong><br>&nbsp;<br>Shell participa en<strong> distintos proyectos estrat\u00e9gicos<\/strong> en la formaci\u00f3n, en asociaci\u00f3n con otras operadoras, y forma parte del grupo de compa\u00f1\u00edas internacionales que contribuyen al desarrollo tecnol\u00f3gico y productivo de los no convencionales.<\/p>\n\n\n\n<p><strong>Fuente: www.neuqueninforma.gob.ar<\/strong><\/p>\n","protected":false},"excerpt":{"rendered":"<p>El gobernador de Neuqu\u00e9n,&nbsp;Rolando Figueroa, recibi\u00f3 a representantes de Shell Argentina SA, quienes ratificaron que la compa\u00f1\u00eda continuar\u00e1 en Vaca Muerta y que no existe ninguna decisi\u00f3n de vender o abandonar sus activos en la cuenca neuquina.&nbsp;Durante el encuentro, el presidente de Shell Argentina SA,&nbsp;Germ\u00e1n Burmeister&nbsp;aclar\u00f3 que las versiones difundidas no responden a la estrategia [&hellip;]<\/p>\n","protected":false},"author":5,"featured_media":8480,"comment_status":"open","ping_status":"open","sticky":false,"template":"","format":"standard","meta":[],"categories":[9],"tags":[],"_links":{"self":[{"href":"https:\/\/politicapatagonica.com\/index.php\/wp-json\/wp\/v2\/posts\/8478"}],"collection":[{"href":"https:\/\/politicapatagonica.com\/index.php\/wp-json\/wp\/v2\/posts"}],"about":[{"href":"https:\/\/politicapatagonica.com\/index.php\/wp-json\/wp\/v2\/types\/post"}],"author":[{"embeddable":true,"href":"https:\/\/politicapatagonica.com\/index.php\/wp-json\/wp\/v2\/users\/5"}],"replies":[{"embeddable":true,"href":"https:\/\/politicapatagonica.com\/index.php\/wp-json\/wp\/v2\/comments?post=8478"}],"version-history":[{"count":2,"href":"https:\/\/politicapatagonica.com\/index.php\/wp-json\/wp\/v2\/posts\/8478\/revisions"}],"predecessor-version":[{"id":8494,"href":"https:\/\/politicapatagonica.com\/index.php\/wp-json\/wp\/v2\/posts\/8478\/revisions\/8494"}],"wp:featuredmedia":[{"embeddable":true,"href":"https:\/\/politicapatagonica.com\/index.php\/wp-json\/wp\/v2\/media\/8480"}],"wp:attachment":[{"href":"https:\/\/politicapatagonica.com\/index.php\/wp-json\/wp\/v2\/media?parent=8478"}],"wp:term":[{"taxonomy":"category","embeddable":true,"href":"https:\/\/politicapatagonica.com\/index.php\/wp-json\/wp\/v2\/categories?post=8478"},{"taxonomy":"post_tag","embeddable":true,"href":"https:\/\/politicapatagonica.com\/index.php\/wp-json\/wp\/v2\/tags?post=8478"}],"curies":[{"name":"wp","href":"https:\/\/api.w.org\/{rel}","templated":true}]}}