{"id":8065,"date":"2025-11-10T22:38:21","date_gmt":"2025-11-10T22:38:21","guid":{"rendered":"https:\/\/politicapatagonica.com\/?p=8065"},"modified":"2025-11-11T12:02:09","modified_gmt":"2025-11-11T12:02:09","slug":"la-pampa-refuerza-su-escudo-financiero-el-presupuesto-2026-crecera-173","status":"publish","type":"post","link":"https:\/\/politicapatagonica.com\/index.php\/2025\/11\/10\/la-pampa-refuerza-su-escudo-financiero-el-presupuesto-2026-crecera-173\/","title":{"rendered":"La Pampa refuerza su escudo financiero: el Presupuesto 2026 crecer\u00e1 17,3%"},"content":{"rendered":"\n<p>El gobierno provincial ultima los detalles de su&nbsp;<strong>Presupuesto 2026, el cual proyecta ser un 17% superior al monto de 2025<\/strong>&nbsp;y, una vez m\u00e1s, se presentar\u00e1 con&nbsp;<strong>equilibrio fiscal y sin tomar nuevo endeudamiento<\/strong>. Este dato, confirmado por una fuente oficial, se inscribe en un complejo escenario de desfinanciamiento nacional que obliga a la provincia a depender casi exclusivamente de sus recursos propios.<\/p>\n\n\n\n<p>La moderaci\u00f3n del aumento respecto a a\u00f1os anteriores&nbsp;<strong>se debe a que la Provincia busca reflejar una cifra m\u00e1s realista ante las significativas diferencias entre el presupuesto presentado y el ejecutado<\/strong>&nbsp;en el ejercicio actual. Adem\u00e1s, en el env\u00edo del proyecto a la Legislatura provincia, el Ejecutivo avisa que reestructurar\u00e1 algunas \u00e1reas del gobierno.&nbsp;<\/p>\n\n\n\n<p>Tensi\u00f3n financiera<\/p>\n\n\n\n<p><strong>El Presupuesto 2026 se elabora en medio de una sostenida confrontaci\u00f3n financiera <\/strong>con la administraci\u00f3n de Javier Milei. La Pampa, al igual que otras provincias, ha debido asumir gastos y finalizar obras que estaban originalmente bajo la \u00f3rbita del Gobierno Nacional, generando un fuerte estr\u00e9s en las cuentas provinciales.<\/p>\n\n\n\n<p><strong>El gobernador Sergio Ziliotto ha sido enf\u00e1tico en que la provincia debe protegerse del &#8220;contexto de incertidumbre&#8221;, la &#8220;estrechez financiera&#8221; y la &#8220;mayor demanda en salud, educaci\u00f3n y alimentos&#8221; <\/strong>generada por la crisis econ\u00f3mica y el retiro de fondos nacionales.<\/p>\n\n\n\n<p>La presentaci\u00f3n del&nbsp;<strong>Presupuesto 2025<\/strong>&nbsp;ya destacaba una suma de acreencias (deudas) que el Gobierno Nacional mantiene con La Pampa, proyectando que ascender\u00eda a&nbsp;<strong>$189,7 mil millones solo durante ese ejercicio.<\/strong>&nbsp;Este pasivo incluye el D\u00e9ficit Previsional ($105,1 mil millones), obras p\u00fablicas, salud y educaci\u00f3n, un reclamo que la Provincia busca validar para recuperar los fondos utilizados.&nbsp;<strong>El Presupuesto 2026 seguramente proyectar\u00e1 una cifra a\u00fan mayor de pasivo<\/strong>.<\/p>\n\n\n\n<p>Freno al gasto<\/p>\n\n\n\n<p>El Presupuesto pampeano, que siempre se caracteriza por la &#8220;menor presi\u00f3n fiscal&#8221; y el &#8220;equilibrio fiscal&#8221; (con un endeudamiento \u00ednfimo, que en 2023 afectaba solo el 0,02% del total), ha mantenido constantes sus prioridades a lo largo de los \u00faltimos ejercicios:<\/p>\n\n\n\n<p><strong>Educaci\u00f3n y Cultura: Siempre la partida con mayor asignaci\u00f3n de recursos. En 2025 represent\u00f3 el 25,06% del total.<\/strong><\/p>\n\n\n\n<p><strong>Salud P\u00fablica: En 2025 fue el 12,79% del presupuesto, con crecimiento en partidas de medicamentos e insumos hospitalarios (140% en 2025).<\/strong><\/p>\n\n\n\n<p><strong>Seguridad y Desarrollo Social: Partidas que se mantienen altas para garantizar contenci\u00f3n y prestaciones b\u00e1sicas (4,65% y 16,38% respectivamente en 2025).<\/strong><\/p>\n\n\n\n<p>A pesar del aumento total para 2025, el gobierno ya hab\u00eda mostrado una fuerte austeridad en ciertos rubros, como la disminuci\u00f3n de Bienes de Capital en un 40%. Para 2026, el crecimiento m\u00e1s moderado (27%) sugiere una consolidaci\u00f3n del gasto y una estricta cautela en la proyecci\u00f3n de ingresos, previendo un escenario econ\u00f3mico nacional poco favorable.<\/p>\n\n\n\n<p><strong>La estrategia pampeana se mantiene:<\/strong>&nbsp;<strong>proteger a quienes producen y generan empleo a trav\u00e9s de cr\u00e9ditos fiscales y subsidios, y continuar la inversi\u00f3n p\u00fablica (viviendas y rutas) financiadas con recursos provinciales para compensar la desinversi\u00f3n federal.<\/strong><\/p>\n\n\n\n<p><strong>Fuente: www.eldiariodelapampa.com.ar<\/strong><\/p>\n","protected":false},"excerpt":{"rendered":"<p>El gobierno provincial ultima los detalles de su&nbsp;Presupuesto 2026, el cual proyecta ser un 17% superior al monto de 2025&nbsp;y, una vez m\u00e1s, se presentar\u00e1 con&nbsp;equilibrio fiscal y sin tomar nuevo endeudamiento. Este dato, confirmado por una fuente oficial, se inscribe en un complejo escenario de desfinanciamiento nacional que obliga a la provincia a depender [&hellip;]<\/p>\n","protected":false},"author":5,"featured_media":8066,"comment_status":"open","ping_status":"open","sticky":false,"template":"","format":"standard","meta":[],"categories":[10],"tags":[],"_links":{"self":[{"href":"https:\/\/politicapatagonica.com\/index.php\/wp-json\/wp\/v2\/posts\/8065"}],"collection":[{"href":"https:\/\/politicapatagonica.com\/index.php\/wp-json\/wp\/v2\/posts"}],"about":[{"href":"https:\/\/politicapatagonica.com\/index.php\/wp-json\/wp\/v2\/types\/post"}],"author":[{"embeddable":true,"href":"https:\/\/politicapatagonica.com\/index.php\/wp-json\/wp\/v2\/users\/5"}],"replies":[{"embeddable":true,"href":"https:\/\/politicapatagonica.com\/index.php\/wp-json\/wp\/v2\/comments?post=8065"}],"version-history":[{"count":2,"href":"https:\/\/politicapatagonica.com\/index.php\/wp-json\/wp\/v2\/posts\/8065\/revisions"}],"predecessor-version":[{"id":8073,"href":"https:\/\/politicapatagonica.com\/index.php\/wp-json\/wp\/v2\/posts\/8065\/revisions\/8073"}],"wp:featuredmedia":[{"embeddable":true,"href":"https:\/\/politicapatagonica.com\/index.php\/wp-json\/wp\/v2\/media\/8066"}],"wp:attachment":[{"href":"https:\/\/politicapatagonica.com\/index.php\/wp-json\/wp\/v2\/media?parent=8065"}],"wp:term":[{"taxonomy":"category","embeddable":true,"href":"https:\/\/politicapatagonica.com\/index.php\/wp-json\/wp\/v2\/categories?post=8065"},{"taxonomy":"post_tag","embeddable":true,"href":"https:\/\/politicapatagonica.com\/index.php\/wp-json\/wp\/v2\/tags?post=8065"}],"curies":[{"name":"wp","href":"https:\/\/api.w.org\/{rel}","templated":true}]}}