{"id":8062,"date":"2025-11-10T22:27:58","date_gmt":"2025-11-10T22:27:58","guid":{"rendered":"https:\/\/politicapatagonica.com\/?p=8062"},"modified":"2025-11-10T22:27:59","modified_gmt":"2025-11-10T22:27:59","slug":"rio-negro-la-comision-de-juicio-politico-analizara-una-denuncia-por-el-caso-mandagaray","status":"publish","type":"post","link":"https:\/\/politicapatagonica.com\/index.php\/2025\/11\/10\/rio-negro-la-comision-de-juicio-politico-analizara-una-denuncia-por-el-caso-mandagaray\/","title":{"rendered":"R\u00edo Negro: la comisi\u00f3n de juicio pol\u00edtico analizar\u00e1 una denuncia por el caso Mandagaray"},"content":{"rendered":"\n<p><strong>Elsa Adriana Fabi<\/strong>, la madre del oficial de la Polic\u00eda de R\u00edo Negro\u00a0<strong>Gabriel Emanuel Mandagaray<\/strong>, fallecido en abril de 2021 durante una capacitaci\u00f3n del Cuerpo de Operaciones Especial y Rescate (Coer), present\u00f3 ante la Legislatura provincial una denuncia para que se investigue y someta a juicio pol\u00edtico a cuatro jueces del Superior Tribunal de Justicia.<\/p>\n\n\n\n<p>La denuncia ingres\u00f3 luego de una\u00a0presentaci\u00f3n realizada el viernes ante el Consejo de la Magistratura de R\u00edo Negro\u00a0contra los jueces\u00a0<strong>Cecilia Criado, Sergio Ceci, Ricardo Apcari\u00e1n y Liliana Piccinini<\/strong>, que intervinieron en la instancia final en el expediente judicial y decidieron devolver la causa -en la que fueron condenados cuatro polic\u00edas- <strong>para una tercera revisi\u00f3n por parte del Tribunal de Impugnaci\u00f3n<\/strong>. Excluyeron a Sergio Barotto porque no firm\u00f3 la \u00faltima decisi\u00f3n.<\/p>\n\n\n\n<p>El Consejo de la Magistratura no ser\u00eda la v\u00eda correcta<strong> para avanzar en la denuncia contra los jueces del m\u00e1ximo tribunal, la instancia es por la v\u00eda pol\u00edtica a trav\u00e9s de la Legislatura.<\/strong><\/p>\n\n\n\n<p>La Legislatura de R\u00edo Negro inform\u00f3 este lunes el pedido que present\u00f3 la madre de la v\u00edctima y confirm\u00f3 que el escrito fue&nbsp;<strong>remitido a la comisi\u00f3n de juicio pol\u00edtico para su an\u00e1lisis.<\/strong><\/p>\n\n\n\n<p>En su presentaci\u00f3n, Fabi sostuvo que los magistrados&nbsp;<strong>incurrieron en \u201cmal desempe\u00f1o\u201d y \u201cabuso de autoridad\u201d en el tratamiento de la causa penal&nbsp;<\/strong>vinculada a la muerte de su hijo. Record\u00f3 que la investigaci\u00f3n y el juicio oral culminaron en condenas durante 2023, confirmadas en revisi\u00f3n, pero se\u00f1al\u00f3 que&nbsp;<strong>\u201ca partir de la llegada del expediente al Superior Tribunal de Justicia, vino el calvario<\/strong>\u201d, denunciando que el m\u00e1ximo tribunal provincial anul\u00f3 resoluciones previas y devolvi\u00f3 reiteradamente el expediente. Seg\u00fan afirm\u00f3, esas decisiones&nbsp;<strong>\u201chan llevado a que la causa de mi hijo ingrese en impunidad\u201d<\/strong>.<\/p>\n\n\n\n<p>Fabi indic\u00f3 que las&nbsp;<strong>pruebas aportadas durante el proceso acreditaron una \u201cmuerte en custodia\u201d<\/strong>&nbsp;y remarc\u00f3 que su hijo asisti\u00f3 a la capacitaci\u00f3n por orden institucional y no de manera voluntaria. Sostuvo adem\u00e1s que la<strong>&nbsp;familia \u201cse siente provocada e insultada\u201d&nbsp;<\/strong>y que, a su criterio, los<strong>&nbsp;jueces cuestionados \u201cno est\u00e1n a la altura de las circunstancias\u201d<\/strong>.<\/p>\n\n\n\n<p>Solicit\u00f3 que se garantice \u201c<strong>la transparencia y el cumplimiento de la ley<\/strong>\u201d y que, eventualmente, se adopten las medidas disciplinarias previstas por la normativa vigente.<\/p>\n\n\n\n<h2>Cinco legisladores integran la comisi\u00f3n de juicio pol\u00edtico<\/h2>\n\n\n\n<hr class=\"wp-block-separator has-alpha-channel-opacity\"\/>\n\n\n\n<p>La denuncia fue elevada al presidente de la Legislatura, Pedro Pesatti, quien dio&nbsp;<strong>curso administrativo a la presentaci\u00f3n<\/strong>, tal como establece la Constituci\u00f3n provincial y el reglamento legislativo. La evaluaci\u00f3n del planteo est\u00e1 ahora en manos de la comisi\u00f3n de juicio pol\u00edtico, integrada por los legisladores<strong>&nbsp;Ariel Bernatene (UCR), Facundo L\u00f3pez, Silvia Morales y Lucas Pica (JSRN) y Gabriela Picotti (Pro Uni\u00f3n Republicana).<\/strong><\/p>\n\n\n\n<p>De acuerdo con la Constituci\u00f3n de R\u00edo Negro,\u00a0<strong>la comisi\u00f3n cuenta con un plazo de 40 d\u00edas para emitir dictamen\u00a0<\/strong>y definir si corresponde elevar la acusaci\u00f3n a la Sala Acusadora, instancia que resolver\u00e1 si se inicia o no el proceso de juicio pol\u00edtico contra los magistrados se\u00f1alados.<\/p>\n\n\n\n<p><strong>Fuente: www.rionegro.com.ar<\/strong><\/p>\n","protected":false},"excerpt":{"rendered":"<p>Elsa Adriana Fabi, la madre del oficial de la Polic\u00eda de R\u00edo Negro\u00a0Gabriel Emanuel Mandagaray, fallecido en abril de 2021 durante una capacitaci\u00f3n del Cuerpo de Operaciones Especial y Rescate (Coer), present\u00f3 ante la Legislatura provincial una denuncia para que se investigue y someta a juicio pol\u00edtico a cuatro jueces del Superior Tribunal de Justicia. [&hellip;]<\/p>\n","protected":false},"author":5,"featured_media":8063,"comment_status":"open","ping_status":"open","sticky":false,"template":"","format":"standard","meta":[],"categories":[13],"tags":[],"_links":{"self":[{"href":"https:\/\/politicapatagonica.com\/index.php\/wp-json\/wp\/v2\/posts\/8062"}],"collection":[{"href":"https:\/\/politicapatagonica.com\/index.php\/wp-json\/wp\/v2\/posts"}],"about":[{"href":"https:\/\/politicapatagonica.com\/index.php\/wp-json\/wp\/v2\/types\/post"}],"author":[{"embeddable":true,"href":"https:\/\/politicapatagonica.com\/index.php\/wp-json\/wp\/v2\/users\/5"}],"replies":[{"embeddable":true,"href":"https:\/\/politicapatagonica.com\/index.php\/wp-json\/wp\/v2\/comments?post=8062"}],"version-history":[{"count":1,"href":"https:\/\/politicapatagonica.com\/index.php\/wp-json\/wp\/v2\/posts\/8062\/revisions"}],"predecessor-version":[{"id":8064,"href":"https:\/\/politicapatagonica.com\/index.php\/wp-json\/wp\/v2\/posts\/8062\/revisions\/8064"}],"wp:featuredmedia":[{"embeddable":true,"href":"https:\/\/politicapatagonica.com\/index.php\/wp-json\/wp\/v2\/media\/8063"}],"wp:attachment":[{"href":"https:\/\/politicapatagonica.com\/index.php\/wp-json\/wp\/v2\/media?parent=8062"}],"wp:term":[{"taxonomy":"category","embeddable":true,"href":"https:\/\/politicapatagonica.com\/index.php\/wp-json\/wp\/v2\/categories?post=8062"},{"taxonomy":"post_tag","embeddable":true,"href":"https:\/\/politicapatagonica.com\/index.php\/wp-json\/wp\/v2\/tags?post=8062"}],"curies":[{"name":"wp","href":"https:\/\/api.w.org\/{rel}","templated":true}]}}