{"id":8059,"date":"2025-11-10T22:00:00","date_gmt":"2025-11-10T22:00:00","guid":{"rendered":"https:\/\/politicapatagonica.com\/?p=8059"},"modified":"2025-11-11T11:54:37","modified_gmt":"2025-11-11T11:54:37","slug":"fortalecen-circuitos-de-consumo-y-desarrollo-emprendedor","status":"publish","type":"post","link":"https:\/\/politicapatagonica.com\/index.php\/2025\/11\/10\/fortalecen-circuitos-de-consumo-y-desarrollo-emprendedor\/","title":{"rendered":"Fortalecen circuitos de consumo y desarrollo emprendedor en diferentes ciudades fueguinas"},"content":{"rendered":"\n<p><br>Con datos concretos de participaci\u00f3n y volumen de operaciones, el ministro de Econom\u00eda Francisco Devita busca mostrar <strong>resultados<\/strong> <strong>medibles<\/strong> <strong>y<\/strong> <strong>continuidad<\/strong> <strong>operativa<\/strong>. Uno de los ejes principales es el programa Tu Mercado que se desarroll\u00f3 en Ushuaia, R\u00edo Grande y Tolhuin. <\/p>\n\n\n\n<p>El ministro de Econom\u00eda provincial <strong>Francisco<\/strong> <strong>Devita<\/strong> explic\u00f3 que la propuesta permite el acceso a productos esenciales a precios accesibles, e incluye un <strong>reintegro<\/strong> <strong>del<\/strong> <strong>10<\/strong><strong>%<\/strong> para quienes compran con tarjeta de d\u00e9bito del Banco Tierra del Fuego. \u201cNo es una feria m\u00e1s. Es una pol\u00edtica que vincula el consumo popular con la producci\u00f3n local, y genera circulaci\u00f3n econ\u00f3mica en cada ciudad\u201d, sostuvo.<\/p>\n\n\n\n<p>Adem\u00e1s de facilitar el acceso, la propuesta busca fortalecer a los actores econ\u00f3micos locales. Seg\u00fan detall\u00f3, el dispositivo ofrece apoyo log\u00edstico, asesoramiento en costos, inscripci\u00f3n al monotributo y formaci\u00f3n b\u00e1sica para la comercializaci\u00f3n. \u201cHay emprendedores que necesitan m\u00e1s que un puesto de venta. Necesitan entender c\u00f3mo estructurar precios, c\u00f3mo proyectar y c\u00f3mo sostenerse en el tiempo\u201d, indic\u00f3 en Zoom a Diario.<\/p>\n\n\n\n<p>Seg\u00fan relat\u00f3, durante el primer semestre de 2025, m\u00e1s de 1.500 emprendedores participaron de los distintos programas impulsados por la cartera econ\u00f3mica. Las ventas generadas en ese per\u00edodo superaron los 100 millones de pesos, seg\u00fan datos oficiales. Devita remarc\u00f3 que estas cifras evidencian el impacto concreto de las pol\u00edticas productivas en la econom\u00eda provincial.<\/p>\n\n\n\n<p>Tambi\u00e9n Devita hizo foco en las propuestas formativas destinadas a j\u00f3venes. En particular, destac\u00f3 el programa \u2018Futuros J\u00f3venes Empresarios Fueguinos\u2018, desarrollado en conjunto con la Universidad Nacional de Tierra del Fuego y la C\u00e1mara de Comercio. La iniciativa acompa\u00f1a el dise\u00f1o y puesta en marcha de ideas innovadoras, con tutor\u00edas t\u00e9cnicas y apoyo institucional. \u201cHay muchos j\u00f3venes con proyectos s\u00f3lidos, y desde el Estado buscamos brindarles el entorno necesario para que no queden archivados en una carpeta\u201d, se\u00f1al\u00f3.<\/p>\n\n\n\n<p>En la misma l\u00ednea, en funcionario valor\u00f3 el alcance del programa \u2018Desaf\u00edo Financiero Fueguino\u2018, orientado a la educaci\u00f3n financiera en escuelas secundarias. En 2025, la propuesta alcanz\u00f3 a m\u00e1s de 2.000 estudiantes y cerr\u00f3 con una instancia participativa tipo hackat\u00f3n. \u201cLa educaci\u00f3n financiera es una herramienta que trasciende lo econ\u00f3mico. Es formaci\u00f3n para la vida, y por eso la impulsamos como pol\u00edtica p\u00fablica\u201d, afirm\u00f3.<\/p>\n\n\n\n<p>De cara a fin de a\u00f1o, anticip\u00f3 nuevas ediciones de \u2018Tu Mercado\u2018 en las tres ciudades fueguinas. Adem\u00e1s, se trabaja en una versi\u00f3n especial vinculada a las fiestas, que incluir\u00e1 productos navide\u00f1os y articulaci\u00f3n con los municipios. \u201cEl objetivo es cerrar el a\u00f1o con acciones concretas que acompa\u00f1en a las familias y fortalezcan los circuitos econ\u00f3micos locales\u201d, indic\u00f3.<\/p>\n\n\n\n<p>Como cierre, plante\u00f3 que las pol\u00edticas implementadas deben sostenerse con planificaci\u00f3n y articulaci\u00f3n interinstitucional. \u201cEl desarrollo no depende de una medida aislada. Requiere continuidad, decisi\u00f3n pol\u00edtica y coordinaci\u00f3n con todos los actores del territorio\u201d, concluy\u00f3.<\/p>\n\n\n\n<p><strong>Fuente: www.eldiariodelfindelmundo.com<\/strong><\/p>\n","protected":false},"excerpt":{"rendered":"<p>Con datos concretos de participaci\u00f3n y volumen de operaciones, el ministro de Econom\u00eda Francisco Devita busca mostrar resultados medibles y continuidad operativa. Uno de los ejes principales es el programa Tu Mercado que se desarroll\u00f3 en Ushuaia, R\u00edo Grande y Tolhuin. El ministro de Econom\u00eda provincial Francisco Devita explic\u00f3 que la propuesta permite el acceso [&hellip;]<\/p>\n","protected":false},"author":5,"featured_media":8060,"comment_status":"open","ping_status":"open","sticky":false,"template":"","format":"standard","meta":[],"categories":[11],"tags":[],"_links":{"self":[{"href":"https:\/\/politicapatagonica.com\/index.php\/wp-json\/wp\/v2\/posts\/8059"}],"collection":[{"href":"https:\/\/politicapatagonica.com\/index.php\/wp-json\/wp\/v2\/posts"}],"about":[{"href":"https:\/\/politicapatagonica.com\/index.php\/wp-json\/wp\/v2\/types\/post"}],"author":[{"embeddable":true,"href":"https:\/\/politicapatagonica.com\/index.php\/wp-json\/wp\/v2\/users\/5"}],"replies":[{"embeddable":true,"href":"https:\/\/politicapatagonica.com\/index.php\/wp-json\/wp\/v2\/comments?post=8059"}],"version-history":[{"count":3,"href":"https:\/\/politicapatagonica.com\/index.php\/wp-json\/wp\/v2\/posts\/8059\/revisions"}],"predecessor-version":[{"id":8072,"href":"https:\/\/politicapatagonica.com\/index.php\/wp-json\/wp\/v2\/posts\/8059\/revisions\/8072"}],"wp:featuredmedia":[{"embeddable":true,"href":"https:\/\/politicapatagonica.com\/index.php\/wp-json\/wp\/v2\/media\/8060"}],"wp:attachment":[{"href":"https:\/\/politicapatagonica.com\/index.php\/wp-json\/wp\/v2\/media?parent=8059"}],"wp:term":[{"taxonomy":"category","embeddable":true,"href":"https:\/\/politicapatagonica.com\/index.php\/wp-json\/wp\/v2\/categories?post=8059"},{"taxonomy":"post_tag","embeddable":true,"href":"https:\/\/politicapatagonica.com\/index.php\/wp-json\/wp\/v2\/tags?post=8059"}],"curies":[{"name":"wp","href":"https:\/\/api.w.org\/{rel}","templated":true}]}}