{"id":8051,"date":"2025-11-07T23:41:45","date_gmt":"2025-11-07T23:41:45","guid":{"rendered":"https:\/\/politicapatagonica.com\/?p=8051"},"modified":"2025-11-08T11:34:37","modified_gmt":"2025-11-08T11:34:37","slug":"torres-se-reunio-con-el-ministro-del-interior-de-la-nacion-con-el-jefe-de-gabinete-y-confirmo-el-compromiso-para-la-eliminacion-de-las-retenciones","status":"publish","type":"post","link":"https:\/\/politicapatagonica.com\/index.php\/2025\/11\/07\/torres-se-reunio-con-el-ministro-del-interior-de-la-nacion-con-el-jefe-de-gabinete-y-confirmo-el-compromiso-para-la-eliminacion-de-las-retenciones\/","title":{"rendered":"Torres se reuni\u00f3 con el Ministro del Interior de la Naci\u00f3n y el Jefe de Gabinete, y confirm\u00f3 el compromiso para la eliminaci\u00f3n de las retenciones"},"content":{"rendered":"\n<p>El gobernador del Chubut, Ignacio \u201cNacho\u201d <strong>Torres, se reuni\u00f3 esta tarde&nbsp;en Buenos Aires con el nuevo ministro del Interior de la Naci\u00f3n, Diego Santilli, y con el flamante jefe de Gabinete de Ministros, Manuel Adorni.<\/strong> En el encuentro desarrollado esta tarde en la Casa Rosada se evalu\u00f3 el proyecto de Presupuesto para el pr\u00f3ximo a\u00f1o, la ejecuci\u00f3n de infraestructura prioritaria y el compromiso para eliminar el esquema de retenciones aplicadas a los hidrocarburos convencionales, ratificado por parte de los funcionarios de cartera ante el titular del Ejecutivo.<\/p>\n\n\n\n<p><strong>Retenciones y sostenimiento del empleo<\/strong><\/p>\n\n\n\n<p>Torres asegur\u00f3 que &#8220;<strong>el acuerdo en el que ven\u00edamos trabajando para bajar las retenciones a los hidrocarburos sigue en pie, <\/strong>de hecho estamos a poco tiempo de terminar la redacci\u00f3n y que finalmente se firme el decreto, lo cual va a ser muy positivo no solamente para nuestra provincia, sino para la Argentina&#8221;, y destac\u00f3 que el balance de la reuni\u00f3n fue positivo, &#8220;principalmente por la vocaci\u00f3n de di\u00e1logo respecto de cuestiones que son importantes para el pa\u00eds, donde la voz de los gobernadores es vinculante&#8221;.<\/p>\n\n\n\n<p>En cuanto a la eliminaci\u00f3n de las retenciones al petr\u00f3leo, mencion\u00f3 que ser\u00e1 <strong>&#8220;un paso clave para exportar m\u00e1s, generar empleo, fortalecer la producci\u00f3n en la Cuenca del Golfo San Jorge y garantizar el sostenimiento de uno de los principales sectores econ\u00f3micos de la provincia&#8221;<\/strong>, puntualizando que &#8220;estamos convencidos que es el camino para generar nuevas inversiones que mantengan la actividad y sostengan los puestos de trabajo\u201d.<\/p>\n\n\n\n<p><strong>Presupuesto y reforma laboral<\/strong><\/p>\n\n\n\n<p>Sobre el Presupuesto 2026, el titular del Ejecutivo plante\u00f3 la necesidad de que &#8220;el pa\u00eds cuente con un presupuesto, el cual buscamos que sea de car\u00e1cter federal y <strong>que le quite el pie de encima a la producci\u00f3n y al trabaj<\/strong>o&#8221; se\u00f1al\u00f3, sumando a ello que &#8220;por nuestra parte, hicimos distintas propuestas, entre ellas la eliminaci\u00f3n de algunas asignaciones espec\u00edficas&#8221;.<\/p>\n\n\n\n<p>Torres apel\u00f3 al \u201ccompromiso de todos nuestros legisladores\u201d e inst\u00f3 a \u201cunificar posiciones y salir en defensa de los recursos chubutenses\u201d.<\/p>\n\n\n\n<p>En relaci\u00f3n con la reforma laboral que el Gobierno Nacional busca impulsar en el Congreso, el mandatario advirti\u00f3 <strong>&#8220;es necesaria una reforma en un pa\u00eds donde el 50% del empleo no est\u00e1 registrado, porque esto impacta no solo en la informalidad, sino tambi\u00e9n en uno de los sectores m\u00e1s vulnerables que es el de los jubilados, porque la caja se est\u00e1 desfinanciando&#8221; <\/strong>y sostuvo que &#8220;esperamos la redacci\u00f3n de la norma para poder analizarla&#8221;.<\/p>\n\n\n\n<p>Por otra parte, el Gobernador remarc\u00f3 que, durante el encuentro mantenido con Santilli y Adorni &#8220;dejamos en claro que nuestro principal <strong>objetivo es seguir defendiendo los recursos e intereses de los chubutenses <\/strong>y que no nos temblar\u00e1 la mano en gestionar lo que corresponda ante Naci\u00f3n\u201d, indicando que en la gesti\u00f3n provincial \u201cno nos hacemos los distra\u00eddos con temas que algunos podr\u00edan considerar inconvenientes; nosotros vamos de frente, nos plantamos ante quien tengamos que plantarnos y no nos dejamos pisotear la cabeza como se hizo durante much\u00edsimos a\u00f1os en esta provincia\u201d.<\/p>\n\n\n\n<p><strong>Infraestructura<\/strong><\/p>\n\n\n\n<p>Torres revel\u00f3 que durante la reuni\u00f3n con Santilli tambi\u00e9n se dialog\u00f3 acerca de<strong> \u201calgunas obras que creemos esenciales para el desarrollo de la provincia y que han sido relegadas o directamente abandonadas\u201d.<\/strong><\/p>\n\n\n\n<p>\u201cPudimos hacernos cargo de una serie de obras que Naci\u00f3n decidi\u00f3 no realizar y al mismo tiempo desendeudarnos\u201d,<strong> record\u00f3 el gobernador respecto al R\u00e9gimen de Extinci\u00f3n de Obligaciones Rec\u00edprocas sellado oportunamente con el Gobierno Nacional<\/strong>, e indic\u00f3 que \u201ces necesario continuar con un esquema que permita revertir a\u00f1os de desmanejos\u201d.<\/p>\n\n\n\n<p><strong>Fuente: www.elchubut.com.ar<\/strong><\/p>\n","protected":false},"excerpt":{"rendered":"<p>El gobernador del Chubut, Ignacio \u201cNacho\u201d Torres, se reuni\u00f3 esta tarde&nbsp;en Buenos Aires con el nuevo ministro del Interior de la Naci\u00f3n, Diego Santilli, y con el flamante jefe de Gabinete de Ministros, Manuel Adorni. En el encuentro desarrollado esta tarde en la Casa Rosada se evalu\u00f3 el proyecto de Presupuesto para el pr\u00f3ximo a\u00f1o, [&hellip;]<\/p>\n","protected":false},"author":5,"featured_media":8053,"comment_status":"open","ping_status":"open","sticky":false,"template":"","format":"standard","meta":[],"categories":[14],"tags":[],"_links":{"self":[{"href":"https:\/\/politicapatagonica.com\/index.php\/wp-json\/wp\/v2\/posts\/8051"}],"collection":[{"href":"https:\/\/politicapatagonica.com\/index.php\/wp-json\/wp\/v2\/posts"}],"about":[{"href":"https:\/\/politicapatagonica.com\/index.php\/wp-json\/wp\/v2\/types\/post"}],"author":[{"embeddable":true,"href":"https:\/\/politicapatagonica.com\/index.php\/wp-json\/wp\/v2\/users\/5"}],"replies":[{"embeddable":true,"href":"https:\/\/politicapatagonica.com\/index.php\/wp-json\/wp\/v2\/comments?post=8051"}],"version-history":[{"count":2,"href":"https:\/\/politicapatagonica.com\/index.php\/wp-json\/wp\/v2\/posts\/8051\/revisions"}],"predecessor-version":[{"id":8058,"href":"https:\/\/politicapatagonica.com\/index.php\/wp-json\/wp\/v2\/posts\/8051\/revisions\/8058"}],"wp:featuredmedia":[{"embeddable":true,"href":"https:\/\/politicapatagonica.com\/index.php\/wp-json\/wp\/v2\/media\/8053"}],"wp:attachment":[{"href":"https:\/\/politicapatagonica.com\/index.php\/wp-json\/wp\/v2\/media?parent=8051"}],"wp:term":[{"taxonomy":"category","embeddable":true,"href":"https:\/\/politicapatagonica.com\/index.php\/wp-json\/wp\/v2\/categories?post=8051"},{"taxonomy":"post_tag","embeddable":true,"href":"https:\/\/politicapatagonica.com\/index.php\/wp-json\/wp\/v2\/tags?post=8051"}],"curies":[{"name":"wp","href":"https:\/\/api.w.org\/{rel}","templated":true}]}}