{"id":8048,"date":"2025-11-07T23:31:37","date_gmt":"2025-11-07T23:31:37","guid":{"rendered":"https:\/\/politicapatagonica.com\/?p=8048"},"modified":"2025-11-08T11:31:58","modified_gmt":"2025-11-08T11:31:58","slug":"la-ciudad-de-neuquen-aprobo-el-narcotest-para-las-autoridades-municipales","status":"publish","type":"post","link":"https:\/\/politicapatagonica.com\/index.php\/2025\/11\/07\/la-ciudad-de-neuquen-aprobo-el-narcotest-para-las-autoridades-municipales\/","title":{"rendered":"La ciudad de Neuqu\u00e9n aprob\u00f3 el narcotest para las autoridades municipales"},"content":{"rendered":"\n<p>El Concejo Deliberante <strong>adhiri\u00f3 a la ley provincial que excluye a los funcionarios con adicciones\u00a0<\/strong>y deriv\u00f3 el tratamiento d<strong>el presupuesto 2026 a la comisi\u00f3n de Hacienda en la sesi\u00f3n del jueves<\/strong>. \u201cAhora hay que esperar que el Ejecutivo Municipal reglamente la ordenanza para\u00a0que la ponga en vigencia\u201d,\u00a0dijo el concejal de Fuerza Libertaria, Jos\u00e9 Luis Artaza, impulsor de la iniciativa.<\/p>\n\n\n\n<p><br>Para lograr el voto del MPN y de las otras bancadas pol\u00edticas en el Concejo, l<strong>os libertarios acordaron&nbsp;la adhesi\u00f3n a la ley provincial&nbsp;en el primer punto y eso destrab\u00f3 la firma del despacho&nbsp;<\/strong>que estaba en comisi\u00f3n desde los primeros meses del 2025.<\/p>\n\n\n\n<p>En el segundo art\u00edculo se estipul\u00f3 que para permanecer en el cargo, l<strong>os funcionarios de la primera l\u00ednea del Ejecutivo, del Deliberante y de los entes municipales descentralizados&nbsp;<\/strong>deber\u00e1n permitir la realizaci\u00f3n de un test de droga y de alcohol. Fueron<strong>&nbsp;incluidas las juezas de Faltas y los organismos de control, como la Sindicatura y la Defensor\u00eda del Pueblo<\/strong>.<\/p>\n\n\n\n<p><br>\u201cLa<strong>&nbsp;autoridad de aplicaci\u00f3n la deber\u00e1 establecer el Ejecutivo\u201d, dijo Artaza<\/strong>&nbsp;y plante\u00f3 que este aspecto ser\u00e1&nbsp;<strong>resuelto con la reglamentaci\u00f3n que lleve a cabo el municipio. \u201cEs<\/strong>peramos que saliera la ley provincial para adherir y establecimos el mecanismo a reglamentar\u201d, dijo Artaza.<\/p>\n\n\n\n<p>El D<strong>eliberante volvi\u00f3 a contar con 18 bancas<\/strong>, tras el regreso a la actividad legislativa de los concejales de Fuerza Libertaria, Joaqu\u00edn Egu\u00eda y Cintia Merino, y de La Libertad Avanza (LLA), Nicol\u00e1s Montero, que estaban de licencia por campa\u00f1a pol\u00edtica. En una sesi\u00f3n especial tambi\u00e9n el jueves,&nbsp;<strong>asumi\u00f3 el concejal Francisco S\u00e1nchez en la banca del Frente de Izquierda<\/strong>, por el mecanismo de rotaci\u00f3n de bancada que tiene ese frente pol\u00edtico tanto en el Concejo como en la Legislatura de Neuqu\u00e9n.<\/p>\n\n\n\n<p>Artaza preside la comisi\u00f3n de Hacienda del Deliberante, que&nbsp;<strong>el mi\u00e9rcoles 12 comenzar\u00e1 a debatir el presupuesto enviado por el intendente Mariano Gaido.<\/strong>&nbsp;El primer convocado fue el secretario de Finanzas, Fernando Schpoliansky, que dar\u00e1 detalles de la ordenanza tarifaria que comenzar\u00e1 a regir a partir del 2 de enero.<\/p>\n\n\n\n<p><br>Par<strong>a el 14 fue citado el subsecretario de Hacienda y Planificaci\u00f3n, Juan Dutto<\/strong>&nbsp;y el 19 fueron convocados el secretario de Obras y Coordinaci\u00f3n,&nbsp;<strong>Alejandro Nicola y el presidente del Instituto Municipal de Urbanismo y H\u00e1bitat, Marco Zapata.<\/strong><\/p>\n\n\n\n<p><strong>L<\/strong>as consultas sobre&nbsp;<strong>el ejercicio 2026 finalizar\u00e1n el 20 con la invitaci\u00f3n al secretario de Movilidad y Servicios al Ciudadano, Santiago Mor\u00e1n,<\/strong><em><strong>&nbsp;<\/strong><\/em>por las cuentas vinculadas a lo<strong>s Servicios P\u00fablicos de la ciudad.<\/strong><\/p>\n\n\n\n<p><strong>Fuente: www.rionegro.com.ar<\/strong><\/p>\n","protected":false},"excerpt":{"rendered":"<p>El Concejo Deliberante adhiri\u00f3 a la ley provincial que excluye a los funcionarios con adicciones\u00a0y deriv\u00f3 el tratamiento del presupuesto 2026 a la comisi\u00f3n de Hacienda en la sesi\u00f3n del jueves. \u201cAhora hay que esperar que el Ejecutivo Municipal reglamente la ordenanza para\u00a0que la ponga en vigencia\u201d,\u00a0dijo el concejal de Fuerza Libertaria, Jos\u00e9 Luis Artaza, [&hellip;]<\/p>\n","protected":false},"author":5,"featured_media":8049,"comment_status":"open","ping_status":"open","sticky":false,"template":"","format":"standard","meta":[],"categories":[9],"tags":[],"_links":{"self":[{"href":"https:\/\/politicapatagonica.com\/index.php\/wp-json\/wp\/v2\/posts\/8048"}],"collection":[{"href":"https:\/\/politicapatagonica.com\/index.php\/wp-json\/wp\/v2\/posts"}],"about":[{"href":"https:\/\/politicapatagonica.com\/index.php\/wp-json\/wp\/v2\/types\/post"}],"author":[{"embeddable":true,"href":"https:\/\/politicapatagonica.com\/index.php\/wp-json\/wp\/v2\/users\/5"}],"replies":[{"embeddable":true,"href":"https:\/\/politicapatagonica.com\/index.php\/wp-json\/wp\/v2\/comments?post=8048"}],"version-history":[{"count":2,"href":"https:\/\/politicapatagonica.com\/index.php\/wp-json\/wp\/v2\/posts\/8048\/revisions"}],"predecessor-version":[{"id":8057,"href":"https:\/\/politicapatagonica.com\/index.php\/wp-json\/wp\/v2\/posts\/8048\/revisions\/8057"}],"wp:featuredmedia":[{"embeddable":true,"href":"https:\/\/politicapatagonica.com\/index.php\/wp-json\/wp\/v2\/media\/8049"}],"wp:attachment":[{"href":"https:\/\/politicapatagonica.com\/index.php\/wp-json\/wp\/v2\/media?parent=8048"}],"wp:term":[{"taxonomy":"category","embeddable":true,"href":"https:\/\/politicapatagonica.com\/index.php\/wp-json\/wp\/v2\/categories?post=8048"},{"taxonomy":"post_tag","embeddable":true,"href":"https:\/\/politicapatagonica.com\/index.php\/wp-json\/wp\/v2\/tags?post=8048"}],"curies":[{"name":"wp","href":"https:\/\/api.w.org\/{rel}","templated":true}]}}