{"id":8045,"date":"2025-11-06T22:14:39","date_gmt":"2025-11-06T22:14:39","guid":{"rendered":"https:\/\/politicapatagonica.com\/?p=8045"},"modified":"2025-11-08T11:28:37","modified_gmt":"2025-11-08T11:28:37","slug":"ahora-di-napoli-define-una-via-judicial-para-frenar-a-clarin","status":"publish","type":"post","link":"https:\/\/politicapatagonica.com\/index.php\/2025\/11\/06\/ahora-di-napoli-define-una-via-judicial-para-frenar-a-clarin\/","title":{"rendered":"Ahora Di N\u00e1poli define una v\u00eda judicial para frenar al grupo Clar\u00edn en el tendido de cables de fibra \u00f3ptica"},"content":{"rendered":"\n<p>El intendente de Santa Rosa,&nbsp;<strong>Luciano di N\u00e1poli, analiza accionar por v\u00eda judicial para frenar el tendido de cables de fibra \u00f3ptica en zonas no autorizadas de la ciudad, tras el rechazo del Concejo Deliberante al pedido de ampliaci\u00f3n solicitado por el grupo Clar\u00edn<\/strong>. Los ediles fundamentaron la decisi\u00f3n en el avance irregular&nbsp; del cableado y la falta de respuestas a las cartas documento que se enviaron desde el municipio ante la constataci\u00f3n de 21 infracciones, con postes y cableado en zonas no autorizadas.<\/p>\n\n\n\n<p>Fuentes municipales confirmaron que en el despacho del jefe comunal interpretan que el pedido de Clar\u00edn lo rechaz\u00f3 el Concejo el mi\u00e9rcoles en la comisi\u00f3n de Obras P\u00fablicas del Concejo.<strong>&nbsp;&#8220;No hay mucho para hacer, salvo accionar judicialmente para que no sigan con la ampliaci\u00f3n de red, salvo el recambio de lo existente, y, en caso de que hayan hecho posteo, que lo saquen. Lo va a seguir por la v\u00eda legal&#8221;<\/strong>, coment\u00f3 una fuente con acceso al entorno del jefe comunal.<\/p>\n\n\n\n<p><strong>Di N\u00e1poli, que hasta el momento mantiene silencio p\u00fablico, habr\u00eda se\u00f1alado tambi\u00e9n que pol\u00edticamente hizo lo que deb\u00eda, que era mandarlo al Concejo, donde los proyectos de ordenanza pasar\u00e1n a archivo.<\/strong><\/p>\n\n\n\n<p>El intendente recibi\u00f3 el expediente de regreso luego de que la comisi\u00f3n de Obras P\u00fablicas del Concejo Deliberante dictaminara por unanimidad el pase archivo, impulsado inicialmente por el Ejecutivo. <strong>La decisi\u00f3n se bas\u00f3 en que la empresa &#8220;pasa por encima&#8221; del Concejo y avanza con el cableado sin autorizaci\u00f3n,<\/strong> pese a las&nbsp; multas y cartas documento emitidas por el municipio.<\/p>\n\n\n\n<p><strong>El presidente del bloque oficialista del FreJuPa, Francisco Bompadre,<\/strong> explic\u00f3 el mi\u00e9rcoles que el cambio de postura se debi\u00f3 a la falta de respuesta de la compa\u00f1\u00eda ante las 21 actas labradas por infracciones y las intimaciones enviadas los d\u00edas 22 y 31 de octubre. &#8220;No podemos permitir que Clar\u00edn no espere que resolvamos. Era importante escucharlos, pero viendo el avasallamiento de Clar\u00edn, no podemos dejarlos avanzar. Si se ponen en la ilegalidad, no hay di\u00e1logo posible&#8221;, sostuvo.<\/p>\n\n\n\n<p><strong>Desde la oposici\u00f3n, los concejales coincidieron en que la responsabilidad de definir los pasos a seguir recae ahora sobre el Ejecutivo.<\/strong>&nbsp;La radical Romina Paci advirti\u00f3 que espera que el intendente &#8220;no se descuelgue aprobando por resoluci\u00f3n el plan de Clar\u00edn, mientras que desde Patria Grande, Mariano Alfageme, insisti\u00f3 en que el municipio debe avanzar judicialmente ante los &#8220;incumplimientos&#8221; de la empresa.<\/p>\n\n\n\n<p>El expediente volver\u00e1 a tratarse en la pr\u00f3xima sesi\u00f3n del Concejo, donde el dictamen de archivo quedar\u00e1 firme. Entretanto, el municipio analiza su presentaci\u00f3n judicial para frenar la ampliaci\u00f3n no autorizada y exigir el retiro de los postes instalados en infracci\u00f3n.<\/p>\n\n\n\n<p><strong>De esta forma, queda descartado que di N\u00e1poli brinde el aval por resoluci\u00f3n al proyecto de Clar\u00edn.<\/strong>&nbsp;Desde la oposici\u00f3n y tambi\u00e9n desde la Cooperativa Popular de Electricidad se sugiri\u00f3 que hubo complicidad por parte de las autoridades con el prop\u00f3sito de Clar\u00edn.<\/p>\n\n\n\n<p>La viceintendenta, Romina Montes de Oca, propici\u00f3 un asado en el gremio telef\u00f3nico con representantes de Telef\u00f3nica, al que asisti\u00f3 di N\u00e1poli, durante el cual explicaron las dimensiones y las inversiones en el ambicioso plan de desembarco con fibra \u00f3ptica para cubrir toda la superficie de la capital pampeana.<strong>&nbsp;El lobby qued\u00f3 al descubierto.<\/strong><\/p>\n\n\n\n<p><strong>La CPE denunci\u00f3 que existe un intento de &#8220;competencia desleal&#8221; para &#8220;romper el mercado&#8221; y perjudicar a la entidad solidaria.<\/strong>&nbsp;La pol\u00e9mica provoc\u00f3 debates dentro del bloque oficialista de concejales, con posturas encontradas. Los incumplimientos de Clar\u00edn brindaron el argumento para unificar una posici\u00f3n en el bloque del FreJuPa, que impuls\u00f3 el reciente pase archivo del expediente.<\/p>\n\n\n\n<p><strong>Fuente: www.eldiariodelapampa.com.ar<\/strong><\/p>\n","protected":false},"excerpt":{"rendered":"<p>El intendente de Santa Rosa,&nbsp;Luciano di N\u00e1poli, analiza accionar por v\u00eda judicial para frenar el tendido de cables de fibra \u00f3ptica en zonas no autorizadas de la ciudad, tras el rechazo del Concejo Deliberante al pedido de ampliaci\u00f3n solicitado por el grupo Clar\u00edn. Los ediles fundamentaron la decisi\u00f3n en el avance irregular&nbsp; del cableado y [&hellip;]<\/p>\n","protected":false},"author":5,"featured_media":8046,"comment_status":"open","ping_status":"open","sticky":false,"template":"","format":"standard","meta":[],"categories":[10],"tags":[],"_links":{"self":[{"href":"https:\/\/politicapatagonica.com\/index.php\/wp-json\/wp\/v2\/posts\/8045"}],"collection":[{"href":"https:\/\/politicapatagonica.com\/index.php\/wp-json\/wp\/v2\/posts"}],"about":[{"href":"https:\/\/politicapatagonica.com\/index.php\/wp-json\/wp\/v2\/types\/post"}],"author":[{"embeddable":true,"href":"https:\/\/politicapatagonica.com\/index.php\/wp-json\/wp\/v2\/users\/5"}],"replies":[{"embeddable":true,"href":"https:\/\/politicapatagonica.com\/index.php\/wp-json\/wp\/v2\/comments?post=8045"}],"version-history":[{"count":2,"href":"https:\/\/politicapatagonica.com\/index.php\/wp-json\/wp\/v2\/posts\/8045\/revisions"}],"predecessor-version":[{"id":8056,"href":"https:\/\/politicapatagonica.com\/index.php\/wp-json\/wp\/v2\/posts\/8045\/revisions\/8056"}],"wp:featuredmedia":[{"embeddable":true,"href":"https:\/\/politicapatagonica.com\/index.php\/wp-json\/wp\/v2\/media\/8046"}],"wp:attachment":[{"href":"https:\/\/politicapatagonica.com\/index.php\/wp-json\/wp\/v2\/media?parent=8045"}],"wp:term":[{"taxonomy":"category","embeddable":true,"href":"https:\/\/politicapatagonica.com\/index.php\/wp-json\/wp\/v2\/categories?post=8045"},{"taxonomy":"post_tag","embeddable":true,"href":"https:\/\/politicapatagonica.com\/index.php\/wp-json\/wp\/v2\/tags?post=8045"}],"curies":[{"name":"wp","href":"https:\/\/api.w.org\/{rel}","templated":true}]}}