{"id":8042,"date":"2025-11-06T22:10:49","date_gmt":"2025-11-06T22:10:49","guid":{"rendered":"https:\/\/politicapatagonica.com\/?p=8042"},"modified":"2025-11-08T11:24:53","modified_gmt":"2025-11-08T11:24:53","slug":"santa-cruz-fortalece-el-control-de-emisiones-industriales-en-el-norte-provincial","status":"publish","type":"post","link":"https:\/\/politicapatagonica.com\/index.php\/2025\/11\/06\/santa-cruz-fortalece-el-control-de-emisiones-industriales-en-el-norte-provincial\/","title":{"rendered":"Santa Cruz fortalece el control de emisiones industriales en el norte provincial"},"content":{"rendered":"\n<p>En el marco de las pol\u00edticas de fiscalizaci\u00f3n y control ambiental que impulsa<strong> el Gobierno de la Provincia de Santa Cruz, a trav\u00e9s de la Secretar\u00eda de Estado de Fiscalizaci\u00f3n y Control Ambiental Energ\u00e9tico y Minero, dependiente del Ministerio de Energ\u00eda y Miner\u00eda, se realiz\u00f3 una inspecci\u00f3n t\u00e9cnica en la planta cementera de la empresa PCR,<\/strong> ubicada sobre la Ruta Provincial N\u00b012, en la localidad de Pico Truncado.<\/p>\n\n\n\n<p>El operativo, encabezado por la Subsecretar\u00eda de<strong> Contralor Ambiental Zona Norte,<\/strong> tuvo como<strong> objetivo verificar el desarrollo del muestreo de emisiones gaseosas y el monitoreo de calidad de aire ejecutado por la empresa<\/strong>, en cumplimiento de la normativa ambiental nacional y provincial.<\/p>\n\n\n\n<p>La inspecci\u00f3n se realiz\u00f3 en el marco del Plan de Muestreo de Emisiones presentado por PCR, <strong>destinado a verificar el grado de cumplimiento de los par\u00e1metros gaseosos establecidos por las regulaciones vigentes<\/strong>. Durante la jornada, se tomaron muestras en los distintos puntos fijos de emisi\u00f3n y en dos puntos adicionales de control de calidad del aire en el entorno de la planta.<\/p>\n\n\n\n<p>En la oportunidad, se registraron los horarios, las condiciones de operaci\u00f3n y la cadena de custodia de las muestras, adem\u00e1s de mantener reuniones con representantes del laboratorio contratado para <strong>corroborar procedimientos, metodolog\u00edas aplicadas y calibraci\u00f3n de los equipos.<\/strong><\/p>\n\n\n\n<p>Asimismo, se solicit\u00f3 a la empresa la<strong> presentaci\u00f3n de los certificados de mantenimiento y calibraci\u00f3n de instrumentos, junto con la Declaratoria de Impacto Ambiental (DIA) y las auditor\u00edas ambientales actualizadas.<\/strong><\/p>\n\n\n\n<p>De esta manera, <strong>el Gobierno de Santa Cruz refuerza las acciones de contralo ambiental en la producci\u00f3n industrial <\/strong>que se llevan adelante en toda la provincia, asegurando una gesti\u00f3n responsable, transparente y ambientalmente sostenible de las actividades productivas.<\/p>\n\n\n\n<p><strong>Fuente: noticias.santacruz.gob.ar<\/strong><\/p>\n","protected":false},"excerpt":{"rendered":"<p>En el marco de las pol\u00edticas de fiscalizaci\u00f3n y control ambiental que impulsa el Gobierno de la Provincia de Santa Cruz, a trav\u00e9s de la Secretar\u00eda de Estado de Fiscalizaci\u00f3n y Control Ambiental Energ\u00e9tico y Minero, dependiente del Ministerio de Energ\u00eda y Miner\u00eda, se realiz\u00f3 una inspecci\u00f3n t\u00e9cnica en la planta cementera de la empresa [&hellip;]<\/p>\n","protected":false},"author":5,"featured_media":8043,"comment_status":"open","ping_status":"open","sticky":false,"template":"","format":"standard","meta":[],"categories":[8],"tags":[],"_links":{"self":[{"href":"https:\/\/politicapatagonica.com\/index.php\/wp-json\/wp\/v2\/posts\/8042"}],"collection":[{"href":"https:\/\/politicapatagonica.com\/index.php\/wp-json\/wp\/v2\/posts"}],"about":[{"href":"https:\/\/politicapatagonica.com\/index.php\/wp-json\/wp\/v2\/types\/post"}],"author":[{"embeddable":true,"href":"https:\/\/politicapatagonica.com\/index.php\/wp-json\/wp\/v2\/users\/5"}],"replies":[{"embeddable":true,"href":"https:\/\/politicapatagonica.com\/index.php\/wp-json\/wp\/v2\/comments?post=8042"}],"version-history":[{"count":1,"href":"https:\/\/politicapatagonica.com\/index.php\/wp-json\/wp\/v2\/posts\/8042\/revisions"}],"predecessor-version":[{"id":8044,"href":"https:\/\/politicapatagonica.com\/index.php\/wp-json\/wp\/v2\/posts\/8042\/revisions\/8044"}],"wp:featuredmedia":[{"embeddable":true,"href":"https:\/\/politicapatagonica.com\/index.php\/wp-json\/wp\/v2\/media\/8043"}],"wp:attachment":[{"href":"https:\/\/politicapatagonica.com\/index.php\/wp-json\/wp\/v2\/media?parent=8042"}],"wp:term":[{"taxonomy":"category","embeddable":true,"href":"https:\/\/politicapatagonica.com\/index.php\/wp-json\/wp\/v2\/categories?post=8042"},{"taxonomy":"post_tag","embeddable":true,"href":"https:\/\/politicapatagonica.com\/index.php\/wp-json\/wp\/v2\/tags?post=8042"}],"curies":[{"name":"wp","href":"https:\/\/api.w.org\/{rel}","templated":true}]}}