{"id":8037,"date":"2025-11-06T13:10:16","date_gmt":"2025-11-06T13:10:16","guid":{"rendered":"https:\/\/politicapatagonica.com\/?p=8037"},"modified":"2025-11-06T13:10:17","modified_gmt":"2025-11-06T13:10:17","slug":"gobierno-convocara-a-sesiones-extraordinarias-del-10-al-31-de-diciembre","status":"publish","type":"post","link":"https:\/\/politicapatagonica.com\/index.php\/2025\/11\/06\/gobierno-convocara-a-sesiones-extraordinarias-del-10-al-31-de-diciembre\/","title":{"rendered":"Gobierno convocar\u00e1 a sesiones extraordinarias del 10 al 31 de diciembre"},"content":{"rendered":"\n<p><br>La convocatoria a sesiones extraordinarias del Congreso Nacional se formalizar\u00e1\u00a0 en los pr\u00f3ximos d\u00edas, pero el oficialismo ya avanza en negociaciones con gobernadores y bloques dialoguistas para reunir los votos necesarios para sancionar el Presupuesto en Diputados entre el 11 y el 13 de diciembre.<\/p>\n\n\n\n<p>La discusi\u00f3n del Presupuesto demandar\u00e1 la actividad de diciembre, por lo que se estimaba que las reformas laboral y tributaria se debatir\u00e1n en una segunda convocatoria a extraordinarias que se realizar\u00e1 a mediados de enero y durante febrero, se\u00f1alaron fuentes parlamentarias.<\/p>\n\n\n\n<p>El oficialismo consigui\u00f3 ayer el despacho de mayor\u00eda en la Comisi\u00f3n de Presupuesto gracias al doble voto del presidente de ese cuerpo, Alberto \u2018Bertie\u2019 Benegas Lynch, aunque siempre tuvo como meta tratar la ley de gastos y recursos para 2026 con la nueva composici\u00f3n del cuerpo, donde pasar\u00e1 a tener junto a bloques aliados la primera minor\u00eda del recinto.<\/p>\n\n\n\n<p>Cuando emplazaron al oficialismo, los bloques opositores aspiraban a votar el Presupuesto en las sesiones ordinarias, pero el resultado electoral cambi\u00f3 los planes y, si bien no pierden las esperanzas de conseguir tener el n\u00famero para sesionar, hoy no ten\u00edan garantizado los 129 diputados para abrir el debate.<\/p>\n\n\n\n<p>La decisi\u00f3n de dilatar los tiempos le permite al Gobierno avanzar en las negociaciones con los gobernadores para incluir algunos cambios en la propuesta oficial y garantizar as\u00ed los votos para aprobar el Presupuesto antes de fines de diciembre.<\/p>\n\n\n\n<p>Esas conversaciones ser\u00e1n encaradas por el jefe de Gabinete, Manuel Adorni; el designado ministro del Interior, Diego Santilli; el presidente de la comisi\u00f3n de Diputados, Mart\u00edn Menem, y el subsecretario de Gesti\u00f3n Eduardo \u2018Lule\u2019 Menem.<\/p>\n\n\n\n<p>Desde diciembre, La Libertad Avanza (LLA) tendr\u00e1 entre propios y aliados 115 diputados y podr\u00e1 sumar el respaldo de siete legisladores de Innovaci\u00f3n Federal; dos de Producci\u00f3n y Trabajo y uno de Libertad y Futuro, con lo cual solo necesitar\u00e1 del aval de tres legisladores m\u00e1s.<\/p>\n\n\n\n<p>Pero para avanzar con rapidez con el Presupuesto en sesiones extraordinarias debe conformar la comisi\u00f3n respectiva para firmar un nuevo dictamen, ya que todos los despachos de comisi\u00f3n caducan el 30 de noviembre, al finalizar las sesiones ordinarias.<\/p>\n\n\n\n<p>El dictamen de mayor\u00eda mantendr\u00e1 sin cambios las metas macroecon\u00f3micas de un aumento de la econom\u00eda del 5%; una inflaci\u00f3n del 10% y un d\u00f3lar de 1,423 pesos a diciembre de 2026, y proyecta incrementos del 10,6 % de las exportaciones y 11 % de importaciones.<\/p>\n\n\n\n<p>En ese nuevo despacho posiblemente queden incluidos pedidos de los gobernadores como los avales para tomar cr\u00e9dito para obras de infraestructura.<\/p>\n\n\n\n<p>Otro punto que estar\u00e1 en la discusi\u00f3n por los recursos que deben enviarse a las provincias que tienen cajas previsionales, y que representa el 0,1% del PBI. (Noticias Argentinas)<\/p>\n\n\n\n<p><strong>Fuente: www.eldiariodelfindelmundo.com<\/strong><\/p>\n","protected":false},"excerpt":{"rendered":"<p>La convocatoria a sesiones extraordinarias del Congreso Nacional se formalizar\u00e1\u00a0 en los pr\u00f3ximos d\u00edas, pero el oficialismo ya avanza en negociaciones con gobernadores y bloques dialoguistas para reunir los votos necesarios para sancionar el Presupuesto en Diputados entre el 11 y el 13 de diciembre. La discusi\u00f3n del Presupuesto demandar\u00e1 la actividad de diciembre, por [&hellip;]<\/p>\n","protected":false},"author":5,"featured_media":8038,"comment_status":"open","ping_status":"open","sticky":false,"template":"","format":"standard","meta":[],"categories":[11],"tags":[],"_links":{"self":[{"href":"https:\/\/politicapatagonica.com\/index.php\/wp-json\/wp\/v2\/posts\/8037"}],"collection":[{"href":"https:\/\/politicapatagonica.com\/index.php\/wp-json\/wp\/v2\/posts"}],"about":[{"href":"https:\/\/politicapatagonica.com\/index.php\/wp-json\/wp\/v2\/types\/post"}],"author":[{"embeddable":true,"href":"https:\/\/politicapatagonica.com\/index.php\/wp-json\/wp\/v2\/users\/5"}],"replies":[{"embeddable":true,"href":"https:\/\/politicapatagonica.com\/index.php\/wp-json\/wp\/v2\/comments?post=8037"}],"version-history":[{"count":1,"href":"https:\/\/politicapatagonica.com\/index.php\/wp-json\/wp\/v2\/posts\/8037\/revisions"}],"predecessor-version":[{"id":8039,"href":"https:\/\/politicapatagonica.com\/index.php\/wp-json\/wp\/v2\/posts\/8037\/revisions\/8039"}],"wp:featuredmedia":[{"embeddable":true,"href":"https:\/\/politicapatagonica.com\/index.php\/wp-json\/wp\/v2\/media\/8038"}],"wp:attachment":[{"href":"https:\/\/politicapatagonica.com\/index.php\/wp-json\/wp\/v2\/media?parent=8037"}],"wp:term":[{"taxonomy":"category","embeddable":true,"href":"https:\/\/politicapatagonica.com\/index.php\/wp-json\/wp\/v2\/categories?post=8037"},{"taxonomy":"post_tag","embeddable":true,"href":"https:\/\/politicapatagonica.com\/index.php\/wp-json\/wp\/v2\/tags?post=8037"}],"curies":[{"name":"wp","href":"https:\/\/api.w.org\/{rel}","templated":true}]}}