{"id":8034,"date":"2025-11-06T00:06:50","date_gmt":"2025-11-06T00:06:50","guid":{"rendered":"https:\/\/politicapatagonica.com\/?p=8034"},"modified":"2025-11-06T19:37:54","modified_gmt":"2025-11-06T19:37:54","slug":"presupuesto-2026-en-roca-cuales-son-las-prioridades-que-definio-el-municipio","status":"publish","type":"post","link":"https:\/\/politicapatagonica.com\/index.php\/2025\/11\/06\/presupuesto-2026-en-roca-cuales-son-las-prioridades-que-definio-el-municipio\/","title":{"rendered":"Presupuesto 2026 en Roca: cu\u00e1les son las prioridades que defini\u00f3 el municipio de R\u00edo Negro"},"content":{"rendered":"\n<p>Tras<strong>&nbsp;la audiencia p\u00fablica que se realiz\u00f3 la noche del martes en el Concejo Deliberante de Roca,<\/strong>&nbsp;el&nbsp;<strong>Presupuesto 2026&nbsp;<\/strong>del municipio dio un nuevo paso.<\/p>\n\n\n\n<p>El concejal del bloque oficialista Pasi\u00f3n por Roca,&nbsp;<strong>Nicol\u00e1s Paschetta adelant\u00f3 que el proyecto se debatir\u00e1 en noviembre.<\/strong>&nbsp;Adem\u00e1s, afirm\u00f3 que en este contexto nacional se trata de \u201cun presupuesto sumamente ambicioso porque propone generar obra p\u00fablica y contenci\u00f3n social\u201d, haciendo \u00e9nfasis en el poco acompa\u00f1amiento de Naci\u00f3n.<\/p>\n\n\n\n<p><strong>El concejal afirm\u00f3 que se proyecta un incremento en las \u00e1reas de Obras P\u00fablicas y Desarrollo Social,<\/strong>&nbsp;adem\u00e1s de \u201cun gran incremento en las becas estudiantiles municipales, no s\u00f3lo en el valor, sino tambi\u00e9n en la cantidad de beneficiarios\u201d. Estas ayudas alcanzar\u00e1n a estudiantes de primaria, secundaria y la universidad.<\/p>\n\n\n\n<p>Seg\u00fan el proyecto al que pudo acceder este medio,&nbsp;<strong>el presupuesto 2026 de Roca asciende a $122.172 millones y propone destinar el 42% del gasto total a infraestructura,&nbsp;<\/strong>con la Secretar\u00eda de Obras P\u00fablicas como principal \u00e1rea ejecutora. All\u00ed se concentrar\u00e1n m\u00e1s de $52.000 millones para pavimento, redes de servicios, alumbrado p\u00fablico y mejoras urbanas. Le siguen la Secretar\u00eda de Hacienda, con un 16% del total, y Desarrollo Social, que absorber\u00e1 el 14% para sostener \u201clas distintas pol\u00edticas de desarrollo social implementadas en la gesti\u00f3n, sumado al subsidio al transporte p\u00fablico\u201d.<\/p>\n\n\n\n<p>El texto aclara que el esquema de financiamiento tendr\u00e1 una fuerte dependencia de los ingresos externos, principalmente por&nbsp;<strong>coparticipaci\u00f3n provincial y nacional, mientras que el 25,53% restante provendr\u00e1 de tasas, derechos, multas y otros ingresos municipales.<\/strong>&nbsp;No obstante, advierte que \u201cel plan de ajuste estatal que impulsa el presidente Javier Milei, que incluy\u00f3 la suspensi\u00f3n de proyectos de obra p\u00fablica, y por consiguiente la nula transferencia de fondos a provincias y municipios para estos fines, hizo replantear el financiamiento de la misma para el a\u00f1o 2026\u201d. En ese contexto,&nbsp;<strong>el municipio prev\u00e9 sostener la inversi\u00f3n mediante la venta de terrenos e inmuebles fiscales y el cobro de contribuciones de mejoras por pavimento,<\/strong>&nbsp;adem\u00e1s de habilitar la posibilidad de endeudarse hasta $23.505 millones a trav\u00e9s de bonos o cr\u00e9ditos.<\/p>\n\n\n\n<p>En materia de gasto,&nbsp;<strong>el 39% del presupuesto se destinar\u00e1 a personal, con una planta de 1.393 agentes, mientras que las inversiones en bienes y obras alcanzar\u00e1n el 30%. El resto se distribuir\u00e1 entre consumo, servicios y transferencias sociales, que crecer\u00e1n un 47% respecto del a\u00f1o anterior.&nbsp;<\/strong>El documento subraya que \u201cel presupuesto busca mantener el equilibrio financiero sin frenar la actividad local, priorizando la ejecuci\u00f3n de obras con recursos propios y la contenci\u00f3n social frente a la reducci\u00f3n de aportes nacionales\u201d, reforzando as\u00ed el objetivo de sostener el empleo, la obra p\u00fablica y la asistencia en un contexto de ajuste y ca\u00edda de recursos federales.<\/p>\n\n\n\n<p>Tambi\u00e9n desde el municipio manifestaron el acompa\u00f1amiento a la<strong>&nbsp;econom\u00eda informal<\/strong>. El concejal destac\u00f3 el trabajo en conjunto con la Uni\u00f3n de Servicios de Empleo y Producci\u00f3n (USEP) para apoyar el&nbsp;<strong>emprendedurismo local.<\/strong><\/p>\n\n\n\n<h2>Un s\u00f3lo orador cuestion\u00f3 el presupuesto 2026<\/h2>\n\n\n\n<hr class=\"wp-block-separator has-alpha-channel-opacity\"\/>\n\n\n\n<p>Durante la jornada de Audiencia P\u00fablica, el<strong>&nbsp;\u00fanico orador que se hizo presente fue H\u00e9ctor David Morales,&nbsp;<\/strong>presidente del Club Fiske Menuco, quien&nbsp;<strong>cuestion\u00f3 los fondos destinados a la propaganda<\/strong>, la&nbsp;<strong>venta de inmuebles fiscales<\/strong>, las&nbsp;<strong>tasas municipales<\/strong>&nbsp;y la&nbsp;<strong>falta de acceso a la informaci\u00f3n p\u00fablica.<\/strong><\/p>\n\n\n\n<p>Morales expres\u00f3 su descontento sobre la forma en que se asignan los fondos: &#8220;deber\u00edamos discutir y modificar la partida millonaria que se invertir\u00e1n en propaganda frente a los&nbsp;<strong>escasos recursos que se destinar\u00e1n para personas con discapacidad y adultos mayores<\/strong>&#8220;.<\/p>\n\n\n\n<p>Tambi\u00e9n se refiri\u00f3 a la cuesti\u00f3n de las tasas municipales, y afirm\u00f3 que &#8220;<strong>los servicios no son eficientes<\/strong>&#8220;. Puso como ejemplo el emparejamiento y el regado de calles en los barrios, que seg\u00fan \u00e9l, solo se realizan de manera efectiva 15 d\u00edas antes de las elecciones. Adem\u00e1s, se\u00f1al\u00f3 la&nbsp;<strong>doble carga que enfrentan los contribuyentes<\/strong>, quienes pagan&nbsp;<strong>alumbrado p\u00fablico<\/strong>&nbsp;tanto en las tasas municipales como en la factura de energ\u00eda el\u00e9ctrica de Edersa, a pesar de que la iluminaci\u00f3n en muchos casos es deficiente.<\/p>\n\n\n\n<p>En cuanto al financiamiento de la obra p\u00fablica, el presidente del Club Fiske Menuco&nbsp;<strong>critic\u00f3 la estrategia de venta de bienes y propiedades fiscales<\/strong>, calific\u00e1ndola como&nbsp;<strong>&#8220;el remate de las joyas de la abuela&#8221;.<\/strong><\/p>\n\n\n\n<h2><a href=\"https:\/\/www.rionegro.com.ar\/politica\/zulma-reina-completo-una-vacante-en-el-gabinete-de-la-legislatura-de-neuquen-quien-llega-4361985\/\">Zulma Reina complet\u00f3 una vacante en el gabinete de la Legislatura de Neuqu\u00e9n: qui\u00e9n llega<\/a><\/h2>\n\n\n\n<p>En respuesta a esto \u00faltimo, el concejal Paschetta dijo: Lo que estamos llevando a cabo es la venta de parcelas, es decir,<strong>&nbsp;venta de terrenos municipales<\/strong>. As\u00ed como lo est\u00e1n haciendo otros municipios tambi\u00e9n. Seg\u00fan detall\u00f3 estos terrenos provienen de las<strong>&nbsp;reservas fiscales que quedan en manos del municipio cada vez que se conforma un nuevo barrio<\/strong>. Son una determinada cantidad de terrenos dependiendo de la cantidad del loteo. El municipio se queda con esos terrenos, pero tambi\u00e9n&nbsp;<strong>significan un gasto, porque ten\u00e9s que cuidarlo<\/strong>, mantenerlo, remarc\u00f3.<\/p>\n\n\n\n<p>Frente a ese costo, afirm\u00f3 que la decisi\u00f3n es llevar esos lotes a remate p\u00fablico: \u201cNosotros lo que hacemos es&nbsp;<strong>ponerlo en subasta p\u00fablica<\/strong>&nbsp;para que la gente pueda venir, anotarse y comprar ese terreno\u201d. Esto, indic\u00f3,<strong>&nbsp;permite generar ingresos&nbsp;<\/strong>y dejar de asumir impuestos y gastos de conservaci\u00f3n sobre terrenos que, en muchos casos, se encuentran en zonas residenciales de alto costo.<\/p>\n\n\n\n<p>Paschetta aclar\u00f3 que esta&nbsp;<strong>pol\u00edtica no es nueva<\/strong>, pero que hoy&nbsp;<strong>cobra mayor relevancia por el contexto econ\u00f3mico<\/strong>: \u201cHoy nosotros contamos con un panorama mucho m\u00e1s complejo, que es que<strong>&nbsp;el gobierno nacional no est\u00e1 acompa\u00f1ando ning\u00fan tipo de obra p\u00fablica<\/strong>\u201d. En ese escenario, dijo, el municipio depende casi exclusivamente de las tasas locales y de la coparticipaci\u00f3n, pero tambi\u00e9n aclar\u00f3 que esos recursos se percib\u00edan de forma intermitente: \u201cEsos ingresos son por goteo, entran todos los d\u00edas un poquito\u2026 y a veces provincia se atrasa porque Naci\u00f3n no le paga\u201d.<\/p>\n\n\n\n<p><strong>Fuente: www.rionegro.com.ar<\/strong><\/p>\n","protected":false},"excerpt":{"rendered":"<p>Tras&nbsp;la audiencia p\u00fablica que se realiz\u00f3 la noche del martes en el Concejo Deliberante de Roca,&nbsp;el&nbsp;Presupuesto 2026&nbsp;del municipio dio un nuevo paso. El concejal del bloque oficialista Pasi\u00f3n por Roca,&nbsp;Nicol\u00e1s Paschetta adelant\u00f3 que el proyecto se debatir\u00e1 en noviembre.&nbsp;Adem\u00e1s, afirm\u00f3 que en este contexto nacional se trata de \u201cun presupuesto sumamente ambicioso porque propone generar [&hellip;]<\/p>\n","protected":false},"author":5,"featured_media":8035,"comment_status":"open","ping_status":"open","sticky":false,"template":"","format":"standard","meta":[],"categories":[13],"tags":[],"_links":{"self":[{"href":"https:\/\/politicapatagonica.com\/index.php\/wp-json\/wp\/v2\/posts\/8034"}],"collection":[{"href":"https:\/\/politicapatagonica.com\/index.php\/wp-json\/wp\/v2\/posts"}],"about":[{"href":"https:\/\/politicapatagonica.com\/index.php\/wp-json\/wp\/v2\/types\/post"}],"author":[{"embeddable":true,"href":"https:\/\/politicapatagonica.com\/index.php\/wp-json\/wp\/v2\/users\/5"}],"replies":[{"embeddable":true,"href":"https:\/\/politicapatagonica.com\/index.php\/wp-json\/wp\/v2\/comments?post=8034"}],"version-history":[{"count":2,"href":"https:\/\/politicapatagonica.com\/index.php\/wp-json\/wp\/v2\/posts\/8034\/revisions"}],"predecessor-version":[{"id":8041,"href":"https:\/\/politicapatagonica.com\/index.php\/wp-json\/wp\/v2\/posts\/8034\/revisions\/8041"}],"wp:featuredmedia":[{"embeddable":true,"href":"https:\/\/politicapatagonica.com\/index.php\/wp-json\/wp\/v2\/media\/8035"}],"wp:attachment":[{"href":"https:\/\/politicapatagonica.com\/index.php\/wp-json\/wp\/v2\/media?parent=8034"}],"wp:term":[{"taxonomy":"category","embeddable":true,"href":"https:\/\/politicapatagonica.com\/index.php\/wp-json\/wp\/v2\/categories?post=8034"},{"taxonomy":"post_tag","embeddable":true,"href":"https:\/\/politicapatagonica.com\/index.php\/wp-json\/wp\/v2\/tags?post=8034"}],"curies":[{"name":"wp","href":"https:\/\/api.w.org\/{rel}","templated":true}]}}