{"id":8013,"date":"2025-11-04T20:30:52","date_gmt":"2025-11-04T20:30:52","guid":{"rendered":"https:\/\/politicapatagonica.com\/?p=8013"},"modified":"2025-11-05T21:08:10","modified_gmt":"2025-11-05T21:08:10","slug":"vidal-se-reunio-con-la-cartera-de-salud-para-delinear-acciones-a-seguir-en-los-proximos-meses","status":"publish","type":"post","link":"https:\/\/politicapatagonica.com\/index.php\/2025\/11\/04\/vidal-se-reunio-con-la-cartera-de-salud-para-delinear-acciones-a-seguir-en-los-proximos-meses\/","title":{"rendered":"Vidal se reuni\u00f3 con el \u00e1rea de Salud para delinear acciones futuras con la mira puesta en la eficiencia de recursos y gastos"},"content":{"rendered":"\n<p>Durante el encuentro,<strong> el mandatario provincial acompa\u00f1ado por la ministra de Salud y Ambiente, Mar\u00eda Lorena Ross, e integrantes del gabinete ministerial, dialogaron acerca de temas inherentes a la situaci\u00f3n sanitaria provincial y acciones de gesti\u00f3n.<\/strong><\/p>\n\n\n\n<p>Uno de los aspectos principales en los cuales focalizaron especial atenci\u00f3n en la reuni\u00f3n, tiene que ver con la situaci\u00f3n econ\u00f3mica financiera de los hospitales de la provincia, y las <strong>estrategias a implementar para eficientizar los recursos y gastos.<\/strong><\/p>\n\n\n\n<p>Otro punto que fue considerado, <strong>son las distintas acciones que se implementan y<\/strong> que deben ser evaluadas para atraer nuevos profesionales m\u00e9dicos a Santa Cruz.<\/p>\n\n\n\n<p>M\u00e1s adelante, el gobernador Claudio Vidal y las autoridades de Salud, coincidieron en<strong> sentar las bases para realizar inversiones <\/strong>en equipamiento m\u00e9dico para los Hospitales.<\/p>\n\n\n\n<p>Es importante remarcar que <strong>esta reuni\u00f3n dio continuidad al&nbsp;trabajo que se realiz\u00f3 con los directores de los hospitales de Santa Cruz.<\/strong><\/p>\n\n\n\n<p><strong>Fuente: noticias.santacruz.gob.ar<\/strong><\/p>\n","protected":false},"excerpt":{"rendered":"<p>Durante el encuentro, el mandatario provincial acompa\u00f1ado por la ministra de Salud y Ambiente, Mar\u00eda Lorena Ross, e integrantes del gabinete ministerial, dialogaron acerca de temas inherentes a la situaci\u00f3n sanitaria provincial y acciones de gesti\u00f3n. Uno de los aspectos principales en los cuales focalizaron especial atenci\u00f3n en la reuni\u00f3n, tiene que ver con la [&hellip;]<\/p>\n","protected":false},"author":5,"featured_media":8014,"comment_status":"open","ping_status":"open","sticky":false,"template":"","format":"standard","meta":[],"categories":[8],"tags":[],"_links":{"self":[{"href":"https:\/\/politicapatagonica.com\/index.php\/wp-json\/wp\/v2\/posts\/8013"}],"collection":[{"href":"https:\/\/politicapatagonica.com\/index.php\/wp-json\/wp\/v2\/posts"}],"about":[{"href":"https:\/\/politicapatagonica.com\/index.php\/wp-json\/wp\/v2\/types\/post"}],"author":[{"embeddable":true,"href":"https:\/\/politicapatagonica.com\/index.php\/wp-json\/wp\/v2\/users\/5"}],"replies":[{"embeddable":true,"href":"https:\/\/politicapatagonica.com\/index.php\/wp-json\/wp\/v2\/comments?post=8013"}],"version-history":[{"count":2,"href":"https:\/\/politicapatagonica.com\/index.php\/wp-json\/wp\/v2\/posts\/8013\/revisions"}],"predecessor-version":[{"id":8030,"href":"https:\/\/politicapatagonica.com\/index.php\/wp-json\/wp\/v2\/posts\/8013\/revisions\/8030"}],"wp:featuredmedia":[{"embeddable":true,"href":"https:\/\/politicapatagonica.com\/index.php\/wp-json\/wp\/v2\/media\/8014"}],"wp:attachment":[{"href":"https:\/\/politicapatagonica.com\/index.php\/wp-json\/wp\/v2\/media?parent=8013"}],"wp:term":[{"taxonomy":"category","embeddable":true,"href":"https:\/\/politicapatagonica.com\/index.php\/wp-json\/wp\/v2\/categories?post=8013"},{"taxonomy":"post_tag","embeddable":true,"href":"https:\/\/politicapatagonica.com\/index.php\/wp-json\/wp\/v2\/tags?post=8013"}],"curies":[{"name":"wp","href":"https:\/\/api.w.org\/{rel}","templated":true}]}}