{"id":8007,"date":"2025-11-03T21:21:42","date_gmt":"2025-11-03T21:21:42","guid":{"rendered":"https:\/\/politicapatagonica.com\/?p=8007"},"modified":"2025-11-05T20:58:16","modified_gmt":"2025-11-05T20:58:16","slug":"el-gobierno-nacional-lanzo-la-licitacion-de-la-autovia-5-de-lujan-a-santa-rosa","status":"publish","type":"post","link":"https:\/\/politicapatagonica.com\/index.php\/2025\/11\/03\/el-gobierno-nacional-lanzo-la-licitacion-de-la-autovia-5-de-lujan-a-santa-rosa\/","title":{"rendered":"El Gobierno nacional lanz\u00f3 la licitaci\u00f3n de la autov\u00eda que ir\u00e1 desde Luj\u00e1n en Buenos Aires hasta Santa Rosa\u00a0La Pampa"},"content":{"rendered":"\n<p>El anunci\u00f3 lo realiz\u00f3 <strong>el ministro de Econom\u00eda Luis Caputo. Explic\u00f3 que &#8220;avanza con la segunda etapa de la Red Federal de Concesiones y lanza la licitaci\u00f3n p\u00fablica nacional e internaciona<\/strong>l para dos nuevos tramos:&nbsp;<\/p>\n\n\n\n<p>&nbsp;&#8211; Tramo Sur \u2013 Atl\u00e1ntico \u2013 Acceso Sur de 1.325 km (RN 3, 205, 206 y autopistas Riccheri, Newbery y Ezeiza \u2013Ca\u00f1uelas).&nbsp;<\/p>\n\n\n\n<p><strong>&#8211; Tramo Pampa de 547 km sobre la RN 5 (Luj\u00e1n \u2013 Santa Rosa)&#8221;.&nbsp;&nbsp;<\/strong><\/p>\n\n\n\n<p>El ministro dijo que &#8220;en total,<strong> m\u00e1s de 1.800 km pasar\u00e1n a ser gestionados por el sector privado<\/strong>. De esta manera, estamos reemplazando un modelo deficitario por uno transparente, competitivo y sin subsidios del Tesoro&#8221;.&nbsp;<\/p>\n\n\n\n<p><strong>&#8220;Estamos trabajando para tener una infraestructura vial m\u00e1s moderna, alentando a la inversi\u00f3n privada y cuidando al mismo tiempo los recursos de los argentinos&#8221;,<\/strong> dijo Caputo en un posteo en las redes sociales.<\/p>\n\n\n\n<p>El colectivo Autov\u00eda Ruta 5 tuvo una iintensa actividad en los \u00faltimos a\u00f1os para instalar la necesidad de una autov\u00eda en ese tramo&nbsp;<\/p>\n\n\n\n<p><strong>Desde la Fundaci\u00f3n Estrellas Amarillas<\/strong> (que trabaj\u00f3 en sinton\u00eda con el grupo Autov\u00eda 5 ) <strong>celebraron el anuncio.<\/strong> &#8220;En el \u00faltimo a\u00f1o se triplic\u00f3 la siniestralidad&#8221;, dijo Silvia Gonzalez.<strong> En el Gobierno nacional hay dos proyectos <\/strong>uno de autov\u00eda y otros con autov\u00eda y tramos de ruta seguras con una tercera v\u00eda para el transporte pesado.&nbsp;<\/p>\n\n\n\n<p><strong>Fuente: www.eldiariodelapampa.com.ar<\/strong><\/p>\n","protected":false},"excerpt":{"rendered":"<p>El anunci\u00f3 lo realiz\u00f3 el ministro de Econom\u00eda Luis Caputo. Explic\u00f3 que &#8220;avanza con la segunda etapa de la Red Federal de Concesiones y lanza la licitaci\u00f3n p\u00fablica nacional e internacional para dos nuevos tramos:&nbsp; &nbsp;&#8211; Tramo Sur \u2013 Atl\u00e1ntico \u2013 Acceso Sur de 1.325 km (RN 3, 205, 206 y autopistas Riccheri, Newbery y [&hellip;]<\/p>\n","protected":false},"author":5,"featured_media":8008,"comment_status":"open","ping_status":"open","sticky":false,"template":"","format":"standard","meta":[],"categories":[10],"tags":[],"_links":{"self":[{"href":"https:\/\/politicapatagonica.com\/index.php\/wp-json\/wp\/v2\/posts\/8007"}],"collection":[{"href":"https:\/\/politicapatagonica.com\/index.php\/wp-json\/wp\/v2\/posts"}],"about":[{"href":"https:\/\/politicapatagonica.com\/index.php\/wp-json\/wp\/v2\/types\/post"}],"author":[{"embeddable":true,"href":"https:\/\/politicapatagonica.com\/index.php\/wp-json\/wp\/v2\/users\/5"}],"replies":[{"embeddable":true,"href":"https:\/\/politicapatagonica.com\/index.php\/wp-json\/wp\/v2\/comments?post=8007"}],"version-history":[{"count":3,"href":"https:\/\/politicapatagonica.com\/index.php\/wp-json\/wp\/v2\/posts\/8007\/revisions"}],"predecessor-version":[{"id":8027,"href":"https:\/\/politicapatagonica.com\/index.php\/wp-json\/wp\/v2\/posts\/8007\/revisions\/8027"}],"wp:featuredmedia":[{"embeddable":true,"href":"https:\/\/politicapatagonica.com\/index.php\/wp-json\/wp\/v2\/media\/8008"}],"wp:attachment":[{"href":"https:\/\/politicapatagonica.com\/index.php\/wp-json\/wp\/v2\/media?parent=8007"}],"wp:term":[{"taxonomy":"category","embeddable":true,"href":"https:\/\/politicapatagonica.com\/index.php\/wp-json\/wp\/v2\/categories?post=8007"},{"taxonomy":"post_tag","embeddable":true,"href":"https:\/\/politicapatagonica.com\/index.php\/wp-json\/wp\/v2\/tags?post=8007"}],"curies":[{"name":"wp","href":"https:\/\/api.w.org\/{rel}","templated":true}]}}