{"id":8004,"date":"2025-11-03T20:47:16","date_gmt":"2025-11-03T20:47:16","guid":{"rendered":"https:\/\/politicapatagonica.com\/?p=8004"},"modified":"2025-11-05T20:48:16","modified_gmt":"2025-11-05T20:48:16","slug":"torres-convoco-a-diputados-nacionales-a-debatir-el-presupuesto-2026-y-aseguro-que-se-buscara-consensuar-una-posicion-que-beneficie-a-nuestra-provincia","status":"publish","type":"post","link":"https:\/\/politicapatagonica.com\/index.php\/2025\/11\/03\/torres-convoco-a-diputados-nacionales-a-debatir-el-presupuesto-2026-y-aseguro-que-se-buscara-consensuar-una-posicion-que-beneficie-a-nuestra-provincia\/","title":{"rendered":"Torres busca &#8220;consensuar una posici\u00f3n que beneficie a nuestra provincia&#8221; en el Presupuesto 2026"},"content":{"rendered":"\n<p>El gobernador del Chubut, <strong>Ignacio<\/strong> <strong>&#8220;Nacho&#8221;<\/strong> <strong>Torres<\/strong>, convoc\u00f3 a los diputados nacionales en funciones y electos a debatir y analizar el Presupuesto Nacional 2026.<\/p>\n\n\n\n<p>Con el objetivo de consensuar una posici\u00f3n com\u00fan, el mandatario analizar\u00e1 junto a los legisladores Ana Clara Romero, Jorge &#8220;Loma&#8221; \u00c1vila, C\u00e9sar Treffinger, Eugenia Alianiello, Jos\u00e9 Glinski, Maira Fr\u00edas y Juan Pablo Luque, el <strong>presupuesto<\/strong> para el ejercicio del a\u00f1o pr\u00f3ximo, presentado por el Gobierno Nacional a mediados de septiembre, en lo referido a la provincia de <strong>Chubut<\/strong>.<\/p>\n\n\n\n<p><strong>Federalismo, previsibilidad y desarrollo<\/strong><\/p>\n\n\n\n<p>Al respecto, Torres sostuvo que la convocatoria &#8220;tiene como fin <strong>consensuar<\/strong> una posici\u00f3n que beneficie a nuestra provincia, de cara al trabajo y a las modificaciones que el Presupuesto pueda tener en comisi\u00f3n&#8221;, agregando que &#8220;como lo hemos dicho desde el primer d\u00eda, vamos a dar un <strong>debate<\/strong> que ponga a Chubut por sobre cualquier bander\u00eda pol\u00edtica, priorizando el bienestar de la ciudadan\u00eda sin mezquindades, y dando el ejemplo en una discusi\u00f3n de estas caracter\u00edsticas, tan importante para el interior del pa\u00eds&#8221;.<\/p>\n\n\n\n<p>En el mismo sentido, el titular del Ejecutivo asegur\u00f3 que &#8220;en un <strong>escenario<\/strong> <strong>global<\/strong> <strong>din\u00e1mico<\/strong> y que se modifica constantemente, los consensos y la previsibilidad son fundamentales para el desarrollo y el crecimiento de las provincias y, en consecuencia, de la Argentina&#8221;, a la vez que ratific\u00f3 que &#8220;esperamos que el <strong>Presupuesto<\/strong> <strong>2026<\/strong> promueva un esquema federal y productivo, con el compromiso de todo el arco pol\u00edtico para fortalecer el desarrollo del pa\u00eds&#8221;.<\/p>\n\n\n\n<p><strong>Fuente: www.elchubut.com.ar<\/strong><\/p>\n","protected":false},"excerpt":{"rendered":"<p>El gobernador del Chubut, Ignacio &#8220;Nacho&#8221; Torres, convoc\u00f3 a los diputados nacionales en funciones y electos a debatir y analizar el Presupuesto Nacional 2026. Con el objetivo de consensuar una posici\u00f3n com\u00fan, el mandatario analizar\u00e1 junto a los legisladores Ana Clara Romero, Jorge &#8220;Loma&#8221; \u00c1vila, C\u00e9sar Treffinger, Eugenia Alianiello, Jos\u00e9 Glinski, Maira Fr\u00edas y Juan [&hellip;]<\/p>\n","protected":false},"author":5,"featured_media":8005,"comment_status":"open","ping_status":"open","sticky":false,"template":"","format":"standard","meta":[],"categories":[14],"tags":[],"_links":{"self":[{"href":"https:\/\/politicapatagonica.com\/index.php\/wp-json\/wp\/v2\/posts\/8004"}],"collection":[{"href":"https:\/\/politicapatagonica.com\/index.php\/wp-json\/wp\/v2\/posts"}],"about":[{"href":"https:\/\/politicapatagonica.com\/index.php\/wp-json\/wp\/v2\/types\/post"}],"author":[{"embeddable":true,"href":"https:\/\/politicapatagonica.com\/index.php\/wp-json\/wp\/v2\/users\/5"}],"replies":[{"embeddable":true,"href":"https:\/\/politicapatagonica.com\/index.php\/wp-json\/wp\/v2\/comments?post=8004"}],"version-history":[{"count":2,"href":"https:\/\/politicapatagonica.com\/index.php\/wp-json\/wp\/v2\/posts\/8004\/revisions"}],"predecessor-version":[{"id":8024,"href":"https:\/\/politicapatagonica.com\/index.php\/wp-json\/wp\/v2\/posts\/8004\/revisions\/8024"}],"wp:featuredmedia":[{"embeddable":true,"href":"https:\/\/politicapatagonica.com\/index.php\/wp-json\/wp\/v2\/media\/8005"}],"wp:attachment":[{"href":"https:\/\/politicapatagonica.com\/index.php\/wp-json\/wp\/v2\/media?parent=8004"}],"wp:term":[{"taxonomy":"category","embeddable":true,"href":"https:\/\/politicapatagonica.com\/index.php\/wp-json\/wp\/v2\/categories?post=8004"},{"taxonomy":"post_tag","embeddable":true,"href":"https:\/\/politicapatagonica.com\/index.php\/wp-json\/wp\/v2\/tags?post=8004"}],"curies":[{"name":"wp","href":"https:\/\/api.w.org\/{rel}","templated":true}]}}