{"id":7997,"date":"2025-10-31T23:06:32","date_gmt":"2025-10-31T23:06:32","guid":{"rendered":"https:\/\/politicapatagonica.com\/?p=7997"},"modified":"2025-11-03T19:38:21","modified_gmt":"2025-11-03T19:38:21","slug":"neuquen-capital-presento-un-presupuesto-historico-para-2026-con-superavit-del-42","status":"publish","type":"post","link":"https:\/\/politicapatagonica.com\/index.php\/2025\/10\/31\/neuquen-capital-presento-un-presupuesto-historico-para-2026-con-superavit-del-42\/","title":{"rendered":"La capital de Neuqu\u00e9n present\u00f3 un presupuesto \u201chist\u00f3rico\u201d para 2026 con super\u00e1vit del 42%"},"content":{"rendered":"\n<p>El municipio de\u00a0<strong>Neuqu\u00e9n<\/strong>\u00a0present\u00f3 el\u00a0<strong>presupuesto municipal 2026<\/strong>, que asciende a\u00a0<strong>$557.000 millones<\/strong>. La jefa de Gabinete,\u00a0<strong>Mar\u00eda Pasqualini<\/strong>, defini\u00f3 el plan financiero como un\u00a0<strong>\u201cpresupuesto hist\u00f3rico\u201d<\/strong>, al resaltar que el\u00a0<strong>super\u00e1vit<\/strong>\u00a0\u2014la diferencia entre ingresos y gastos operativos\u2014 pas\u00f3 del\u00a0<strong>33% al 42%<\/strong>\u00a0en los \u00faltimos seis a\u00f1os.<\/p>\n\n\n\n<p>Pasqualini remarc\u00f3 que las&nbsp;<strong>obras p\u00fablicas<\/strong>&nbsp;proyectadas para el pr\u00f3ximo a\u00f1o se financiar\u00e1n&nbsp;<strong>sin deuda<\/strong>&nbsp;y&nbsp;<strong>con recursos propios<\/strong>, un punto que el Ejecutivo capitalino considera central para sostener la autonom\u00eda econ\u00f3mica municipal. Entre las prioridades se destacan la construcci\u00f3n del&nbsp;<strong>parque solar<\/strong>, la&nbsp;<strong>ampliaci\u00f3n de la avenida Mosconi<\/strong>&nbsp;y el&nbsp;<strong>incremento del apoyo a los emprendedores locales<\/strong>.<\/p>\n\n\n\n<hr class=\"wp-block-separator has-alpha-channel-opacity\"\/>\n\n\n\n<h3>Sexto a\u00f1o consecutivo con super\u00e1vit<\/h3>\n\n\n\n<p>El subsecretario de Hacienda,&nbsp;<strong>Juan Dutto<\/strong>, se\u00f1al\u00f3 que por&nbsp;<strong>sexto a\u00f1o consecutivo<\/strong>, y en coincidencia con la gesti\u00f3n del intendente&nbsp;<strong>Mariano Gaido<\/strong>, el municipio proyecta un&nbsp;<strong>super\u00e1vit financiero<\/strong>. Para 2026, el excedente estimado alcanzar\u00e1 el&nbsp;<strong>42% de los ingresos<\/strong>, equivalente a&nbsp;<strong>229.761 millones de pesos<\/strong>.<\/p>\n\n\n\n<p>En relaci\u00f3n con el presupuesto de este a\u00f1o, el funcionario del gabinete de Mariano Gaido, dijo que equival\u00eda a un aumento del 34% en funci\u00f3n de las pautas que fij\u00f3 el presupuesto de Javier Milei y el de Rolando Figueroa para el mismo per\u00edodo.<\/p>\n\n\n\n<p>Dutto detall\u00f3 que los&nbsp;<strong>bienes y servicios<\/strong>&nbsp;representar\u00e1n el&nbsp;<strong>31% del gasto total<\/strong>, mientras que el&nbsp;<strong>personal municipal<\/strong>&nbsp;absorber\u00e1 el&nbsp;<strong>25%<\/strong>, unos&nbsp;<strong>140.000 millones de pesos<\/strong>. Aclar\u00f3 que&nbsp;<strong>hace seis a\u00f1os no se incrementa la planta de 3.100 empleados<\/strong>, lo que contribuye a mantener el equilibrio fiscal sin afectar los servicios esenciales.<\/p>\n\n\n\n<hr class=\"wp-block-separator has-alpha-channel-opacity\"\/>\n\n\n\n<h3>Nuevas obras estrat\u00e9gicas para la ciudad<\/h3>\n\n\n\n<p>Durante la presentaci\u00f3n, <strong>Pasqualini <\/strong>precis\u00f3 que en 2026 se iniciar\u00e1 la&nbsp;<strong>obra de la calle Mosconi<\/strong>, actual&nbsp;<strong>ruta nacional 22<\/strong>, que ser\u00e1 ampliada a&nbsp;<strong>cuatro carriles por mano<\/strong>&nbsp;e incluir\u00e1 un&nbsp;<strong>gran pluvial subterr\u00e1neo<\/strong>. Tambi\u00e9n se proyecta el&nbsp;<strong>shopping a cielo abierto<\/strong>&nbsp;en el Bajo y un&nbsp;<strong>puente en la pen\u00ednsula Hiroki<\/strong>, entre otras intervenciones urbanas.<\/p>\n\n\n\n<p>El acto se realiz\u00f3 en el&nbsp;<strong>subsuelo del edificio municipal<\/strong>, con la ausencia del intendente&nbsp;<strong>Mariano Gaido<\/strong>&nbsp;y del secretario de Finanzas&nbsp;<strong>Fernando Schpoliansky<\/strong>, ambos de viaje oficial.<\/p>\n\n\n\n<hr class=\"wp-block-separator has-alpha-channel-opacity\"\/>\n\n\n\n<h3>Incentivos fiscales y servicios municipales<\/h3>\n\n\n\n<p>Dutto explic\u00f3 que el\u00a0<strong>super\u00e1vit<\/strong>\u00a0representa los fondos que se destinan a\u00a0<strong>obras p\u00fablicas<\/strong>\u00a0una vez cubiertos los salarios, los servicios y los subsidios. El funcionario detall\u00f3 que el\u00a0<strong>subsidio al transporte urbano<\/strong>\u00a0cuesta alrededor de\u00a0<strong>$4.000 por pasaje<\/strong>, mientras que el usuario paga solo\u00a0<strong>1.140 pesos<\/strong>. Tambi\u00e9n destac\u00f3 la calidad del\u00a0<strong>servicio de recolecci\u00f3n de residuos<\/strong>, que funciona\u00a0<strong>seis d\u00edas a la semana con cobertura total<\/strong>\u00a0en la ciudad.<\/p>\n\n\n\n<p>Adem\u00e1s, el municipio anunci\u00f3 un&nbsp;<strong>programa de descuentos<\/strong>&nbsp;que funcionar\u00e1 desde este&nbsp;<strong>lunes hasta el 15 de diciembre<\/strong>, destinado a quienes se registren en la&nbsp;<strong>p\u00e1gina web municipal<\/strong>. Los beneficios ir\u00e1n del&nbsp;<strong>10% al 100%<\/strong>&nbsp;de descuento en los&nbsp;<strong>tributos municipales<\/strong>, seg\u00fan el cumplimiento y la situaci\u00f3n de cada contribuyente.<\/p>\n\n\n\n<p><strong>Fuente: www.rionegro.com.ar<\/strong><\/p>\n","protected":false},"excerpt":{"rendered":"<p>El municipio de\u00a0Neuqu\u00e9n\u00a0present\u00f3 el\u00a0presupuesto municipal 2026, que asciende a\u00a0$557.000 millones. La jefa de Gabinete,\u00a0Mar\u00eda Pasqualini, defini\u00f3 el plan financiero como un\u00a0\u201cpresupuesto hist\u00f3rico\u201d, al resaltar que el\u00a0super\u00e1vit\u00a0\u2014la diferencia entre ingresos y gastos operativos\u2014 pas\u00f3 del\u00a033% al 42%\u00a0en los \u00faltimos seis a\u00f1os. Pasqualini remarc\u00f3 que las&nbsp;obras p\u00fablicas&nbsp;proyectadas para el pr\u00f3ximo a\u00f1o se financiar\u00e1n&nbsp;sin deuda&nbsp;y&nbsp;con recursos propios, un [&hellip;]<\/p>\n","protected":false},"author":5,"featured_media":7998,"comment_status":"open","ping_status":"open","sticky":false,"template":"","format":"standard","meta":[],"categories":[9],"tags":[],"_links":{"self":[{"href":"https:\/\/politicapatagonica.com\/index.php\/wp-json\/wp\/v2\/posts\/7997"}],"collection":[{"href":"https:\/\/politicapatagonica.com\/index.php\/wp-json\/wp\/v2\/posts"}],"about":[{"href":"https:\/\/politicapatagonica.com\/index.php\/wp-json\/wp\/v2\/types\/post"}],"author":[{"embeddable":true,"href":"https:\/\/politicapatagonica.com\/index.php\/wp-json\/wp\/v2\/users\/5"}],"replies":[{"embeddable":true,"href":"https:\/\/politicapatagonica.com\/index.php\/wp-json\/wp\/v2\/comments?post=7997"}],"version-history":[{"count":3,"href":"https:\/\/politicapatagonica.com\/index.php\/wp-json\/wp\/v2\/posts\/7997\/revisions"}],"predecessor-version":[{"id":8003,"href":"https:\/\/politicapatagonica.com\/index.php\/wp-json\/wp\/v2\/posts\/7997\/revisions\/8003"}],"wp:featuredmedia":[{"embeddable":true,"href":"https:\/\/politicapatagonica.com\/index.php\/wp-json\/wp\/v2\/media\/7998"}],"wp:attachment":[{"href":"https:\/\/politicapatagonica.com\/index.php\/wp-json\/wp\/v2\/media?parent=7997"}],"wp:term":[{"taxonomy":"category","embeddable":true,"href":"https:\/\/politicapatagonica.com\/index.php\/wp-json\/wp\/v2\/categories?post=7997"},{"taxonomy":"post_tag","embeddable":true,"href":"https:\/\/politicapatagonica.com\/index.php\/wp-json\/wp\/v2\/tags?post=7997"}],"curies":[{"name":"wp","href":"https:\/\/api.w.org\/{rel}","templated":true}]}}