{"id":7983,"date":"2025-10-30T22:49:16","date_gmt":"2025-10-30T22:49:16","guid":{"rendered":"https:\/\/politicapatagonica.com\/?p=7983"},"modified":"2025-10-31T22:04:51","modified_gmt":"2025-10-31T22:04:51","slug":"diego-gamboa-sera-el-nuevo-secretario-de-estado-de-turismo-de-santa-cruz","status":"publish","type":"post","link":"https:\/\/politicapatagonica.com\/index.php\/2025\/10\/30\/diego-gamboa-sera-el-nuevo-secretario-de-estado-de-turismo-de-santa-cruz\/","title":{"rendered":"Diego Gamboa ser\u00e1 el nuevo Secretario de Estado de Turismo de Santa Cruz"},"content":{"rendered":"\n<p>El Gobierno de Santa Cruz confirm\u00f3 la designaci\u00f3n de\u00a0<strong>Diego Gamboa\u00a0<\/strong>como nuevo\u00a0<strong>secretario de Estado de Turismo<\/strong>, en el marco de una renovaci\u00f3n en el \u00e1rea. Junto a \u00e9l,\u00a0<strong>Mercedes Zaval\u00eda<\/strong>\u00a0asumir\u00e1 como\u00a0<strong>directora provincial de Turismo<\/strong>, seg\u00fan inform\u00f3 el Ministerio de la Producci\u00f3n, Comercio e Industria.<\/p>\n\n\n\n<p>La ministra&nbsp;<strong>Nadia Ricci<\/strong>&nbsp;destac\u00f3 el compromiso de las autoridades salientes,&nbsp;<strong>Rub\u00e9n Mart\u00ednez y Roc\u00edo Albornoz<\/strong>, agradeciendo su labor al frente del organismo provincial<strong>. Resalt\u00f3 especialmente la promoci\u00f3n de los destinos tur\u00edsticos santacruce\u00f1os y el trabajo conjunto tanto con el sector p\u00fablico como privado para el fortalecimiento de la actividad tur\u00edstica en la regi\u00f3n.<\/strong><\/p>\n\n\n\n<p>Desde el Gobierno provincial informaron adem\u00e1s que durante la pr\u00f3xima semana se realizar\u00e1n reuniones y encuentros de trabajo con los nuevos funcionarios. El objetivo ser\u00e1&nbsp;<strong>garantizar la continuidad de las pol\u00edticas tur\u00edsticas de Santa Cruz<\/strong>, adem\u00e1s de&nbsp;<strong>definir nuevas l\u00edneas de acci\u00f3n<\/strong>&nbsp;que impulsen el desarrollo del sector.<\/p>\n\n\n\n<p><strong>Fuente: laopinionaustral.com.ar<\/strong><\/p>\n","protected":false},"excerpt":{"rendered":"<p>El Gobierno de Santa Cruz confirm\u00f3 la designaci\u00f3n de\u00a0Diego Gamboa\u00a0como nuevo\u00a0secretario de Estado de Turismo, en el marco de una renovaci\u00f3n en el \u00e1rea. Junto a \u00e9l,\u00a0Mercedes Zaval\u00eda\u00a0asumir\u00e1 como\u00a0directora provincial de Turismo, seg\u00fan inform\u00f3 el Ministerio de la Producci\u00f3n, Comercio e Industria. La ministra&nbsp;Nadia Ricci&nbsp;destac\u00f3 el compromiso de las autoridades salientes,&nbsp;Rub\u00e9n Mart\u00ednez y Roc\u00edo Albornoz, [&hellip;]<\/p>\n","protected":false},"author":5,"featured_media":7984,"comment_status":"open","ping_status":"open","sticky":false,"template":"","format":"standard","meta":[],"categories":[8],"tags":[],"_links":{"self":[{"href":"https:\/\/politicapatagonica.com\/index.php\/wp-json\/wp\/v2\/posts\/7983"}],"collection":[{"href":"https:\/\/politicapatagonica.com\/index.php\/wp-json\/wp\/v2\/posts"}],"about":[{"href":"https:\/\/politicapatagonica.com\/index.php\/wp-json\/wp\/v2\/types\/post"}],"author":[{"embeddable":true,"href":"https:\/\/politicapatagonica.com\/index.php\/wp-json\/wp\/v2\/users\/5"}],"replies":[{"embeddable":true,"href":"https:\/\/politicapatagonica.com\/index.php\/wp-json\/wp\/v2\/comments?post=7983"}],"version-history":[{"count":3,"href":"https:\/\/politicapatagonica.com\/index.php\/wp-json\/wp\/v2\/posts\/7983\/revisions"}],"predecessor-version":[{"id":7993,"href":"https:\/\/politicapatagonica.com\/index.php\/wp-json\/wp\/v2\/posts\/7983\/revisions\/7993"}],"wp:featuredmedia":[{"embeddable":true,"href":"https:\/\/politicapatagonica.com\/index.php\/wp-json\/wp\/v2\/media\/7984"}],"wp:attachment":[{"href":"https:\/\/politicapatagonica.com\/index.php\/wp-json\/wp\/v2\/media?parent=7983"}],"wp:term":[{"taxonomy":"category","embeddable":true,"href":"https:\/\/politicapatagonica.com\/index.php\/wp-json\/wp\/v2\/categories?post=7983"},{"taxonomy":"post_tag","embeddable":true,"href":"https:\/\/politicapatagonica.com\/index.php\/wp-json\/wp\/v2\/tags?post=7983"}],"curies":[{"name":"wp","href":"https:\/\/api.w.org\/{rel}","templated":true}]}}