{"id":7979,"date":"2025-10-30T22:42:47","date_gmt":"2025-10-30T22:42:47","guid":{"rendered":"https:\/\/politicapatagonica.com\/?p=7979"},"modified":"2025-10-31T22:00:03","modified_gmt":"2025-10-31T22:00:03","slug":"elecciones-en-tierra-del-fuego-ya-se-conocieron-los-resultados-definitivos","status":"publish","type":"post","link":"https:\/\/politicapatagonica.com\/index.php\/2025\/10\/30\/elecciones-en-tierra-del-fuego-ya-se-conocieron-los-resultados-definitivos\/","title":{"rendered":"Elecciones en Tierra del Fuego: ya se conocieron los resultados definitivos y no hubo denuncias ni cuestionamientos sobre las votaciones"},"content":{"rendered":"\n<p>Luego de<strong> la elecci\u00f3n legislativa del pasado domingo 26 de octubre, la Junta Electoral Nacional est\u00e1 dando a conocer los resultados finales, seg\u00fan el conteo definitivo de votos en todo el pa\u00eds.<\/strong><\/p>\n\n\n\n<p>En el caso de <strong>Tierra del Fuego se inform\u00f3 que no ha habido cuestionamientos ni denuncias contra el acto comicial, por lo cual se difundi\u00f3 el escrutinio oficial definitivo y se confirm\u00f3 la consagraci\u00f3n de los nuevos legisladores <\/strong>que asumir\u00e1n en sus bancas el pr\u00f3ximo 10 de diciembre, en representaci\u00f3n de la Provincia.<\/p>\n\n\n\n<p>Ellos son \u2013seg\u00fan el acta oficial-\u00a0<strong>\u00a0Senadores Nacionales<\/strong>\u00a0por la lista N\u00ba 504 &#8220;Alianza La Libertad Avanza los ciudadanos&#8221;:\u00a0<strong>COTO, Agustin Pedro\u00a0<\/strong>y\u00a0<strong>MONTE DE OCA, Mar\u00eda Bel\u00e9n;<\/strong>\u00a0por la lista N\u00b0503, &#8220;Fuerza Patria&#8221;\u00a0<strong>LOPEZ, C\u00e1ndida Cristina.<\/strong><\/p>\n\n\n\n<p>Como\u00a0<strong>Diputados Nacionales<\/strong>\u00a0por la Provincia de Tierra del Fuego, Ant\u00e1rtida e Islas del Atl\u00e1ntico Sur, quedaron consagrados: por la lista N\u00ba 504 &#8220;La Libertad Avanza&#8221;\u00a0<strong>RODRIGUEZ, Luis Miguel<\/strong>\u00a0\u00a0\u0443 por la lista N\u00ba 503 &#8220;Fuerza Patria&#8221; <strong>TITA, Paulo Agustin<\/strong>.<\/p>\n\n\n\n<h2>Mesas, asistencia y resultados<\/h2>\n\n\n\n<p>En relaci\u00f3n a las cifras de la elecci\u00f3n, el acta de la Junta Electoral consigna que <strong>se constituyeron 455 mesas, incluyendo \u201clas mesas correspondientes a personas privadas de libertad ya los electores argentinos residentes en exterior de este Distrito\u201d. <\/strong>Sobre un total de 154.189 electores, han emitido su voto 108.565 lo que representa el 70.41% de los ciudadanos habilitados a sufragar en el distrito Tierra del Fuego.<\/p>\n\n\n\n<h3><strong>-Senadores Nacionales.<\/strong><\/h3>\n\n\n\n<ul>\n<li>Total de votos emitidos: 108565<\/li>\n\n\n\n<li>Votos afirmativos: 101332<\/li>\n\n\n\n<li>Votos en blanco: 2707<\/li>\n\n\n\n<li>Votos recurridos declarados v\u00e1lidos: 239<\/li>\n\n\n\n<li>Votos impugnados declarados v\u00e1lidos: 5<\/li>\n\n\n\n<li>Votos nulos: 4526<\/li>\n<\/ul>\n\n\n\n<p>Los votos afirmativos se distribuyen entre las diferentes agrupaciones pol\u00edticas del siguiente modo:<\/p>\n\n\n\n<figure class=\"wp-block-image\"><img decoding=\"async\" src=\"https:\/\/www.radiofueguina.com\/wp-content\/uploads\/2025\/10\/senadores-final.jpg\" alt=\"\" class=\"wp-image-533080\"\/><\/figure>\n\n\n\n<h3>-Diputados Nacionales.<\/h3>\n\n\n\n<ul>\n<li>Total de votos emitidos: 108565<\/li>\n\n\n\n<li>Votos afirmativos: 96804<\/li>\n\n\n\n<li>Votos en blanco: 7648<\/li>\n\n\n\n<li>Votos recurridos declarados v\u00e1lidos: 239<\/li>\n\n\n\n<li>Votos impugnados declarados v\u00e1lidos: 5<\/li>\n\n\n\n<li>Votos nulos: 4113<\/li>\n<\/ul>\n\n\n\n<p>Los votos afirmativos se distribuyen entre las diferentes agrupaciones pol\u00edticas de siguiente modo:<\/p>\n\n\n\n<figure class=\"wp-block-image\"><img decoding=\"async\" src=\"https:\/\/www.radiofueguina.com\/wp-content\/uploads\/2025\/10\/diputados-final.jpg\" alt=\"\" class=\"wp-image-533081\"\/><\/figure>\n\n\n\n<h2>Resultados oficiales por Secci\u00f3n Electoral<\/h2>\n\n\n\n<figure class=\"wp-block-image\"><img decoding=\"async\" src=\"https:\/\/www.radiofueguina.com\/wp-content\/uploads\/2025\/10\/ushuaia-definitivo-26102025.jpg\" alt=\"\" class=\"wp-image-533085\"\/><\/figure>\n\n\n\n<figure class=\"wp-block-image\"><img decoding=\"async\" src=\"https:\/\/www.radiofueguina.com\/wp-content\/uploads\/2025\/10\/rio-grande-definitivo-26102025.jpg\" alt=\"\" class=\"wp-image-533087\"\/><\/figure>\n\n\n\n<figure class=\"wp-block-image\"><img decoding=\"async\" src=\"https:\/\/www.radiofueguina.com\/wp-content\/uploads\/2025\/10\/antartida-definitivo-26102025.jpg\" alt=\"\" class=\"wp-image-533089\"\/><\/figure>\n\n\n\n<figure class=\"wp-block-image\"><img decoding=\"async\" src=\"https:\/\/www.radiofueguina.com\/wp-content\/uploads\/2025\/10\/tolhuin-definitivo-26102025.jpg\" alt=\"\" class=\"wp-image-533091\"\/><\/figure>\n\n\n\n<p><strong>Fuente: www.radiofueguina.com<\/strong><\/p>\n","protected":false},"excerpt":{"rendered":"<p>Luego de la elecci\u00f3n legislativa del pasado domingo 26 de octubre, la Junta Electoral Nacional est\u00e1 dando a conocer los resultados finales, seg\u00fan el conteo definitivo de votos en todo el pa\u00eds. En el caso de Tierra del Fuego se inform\u00f3 que no ha habido cuestionamientos ni denuncias contra el acto comicial, por lo cual [&hellip;]<\/p>\n","protected":false},"author":5,"featured_media":7980,"comment_status":"open","ping_status":"open","sticky":false,"template":"","format":"standard","meta":[],"categories":[11],"tags":[],"_links":{"self":[{"href":"https:\/\/politicapatagonica.com\/index.php\/wp-json\/wp\/v2\/posts\/7979"}],"collection":[{"href":"https:\/\/politicapatagonica.com\/index.php\/wp-json\/wp\/v2\/posts"}],"about":[{"href":"https:\/\/politicapatagonica.com\/index.php\/wp-json\/wp\/v2\/types\/post"}],"author":[{"embeddable":true,"href":"https:\/\/politicapatagonica.com\/index.php\/wp-json\/wp\/v2\/users\/5"}],"replies":[{"embeddable":true,"href":"https:\/\/politicapatagonica.com\/index.php\/wp-json\/wp\/v2\/comments?post=7979"}],"version-history":[{"count":5,"href":"https:\/\/politicapatagonica.com\/index.php\/wp-json\/wp\/v2\/posts\/7979\/revisions"}],"predecessor-version":[{"id":7991,"href":"https:\/\/politicapatagonica.com\/index.php\/wp-json\/wp\/v2\/posts\/7979\/revisions\/7991"}],"wp:featuredmedia":[{"embeddable":true,"href":"https:\/\/politicapatagonica.com\/index.php\/wp-json\/wp\/v2\/media\/7980"}],"wp:attachment":[{"href":"https:\/\/politicapatagonica.com\/index.php\/wp-json\/wp\/v2\/media?parent=7979"}],"wp:term":[{"taxonomy":"category","embeddable":true,"href":"https:\/\/politicapatagonica.com\/index.php\/wp-json\/wp\/v2\/categories?post=7979"},{"taxonomy":"post_tag","embeddable":true,"href":"https:\/\/politicapatagonica.com\/index.php\/wp-json\/wp\/v2\/tags?post=7979"}],"curies":[{"name":"wp","href":"https:\/\/api.w.org\/{rel}","templated":true}]}}