{"id":7976,"date":"2025-10-29T21:03:04","date_gmt":"2025-10-29T21:03:04","guid":{"rendered":"https:\/\/politicapatagonica.com\/?p=7976"},"modified":"2025-10-31T21:54:01","modified_gmt":"2025-10-31T21:54:01","slug":"el-gobernador-le-pidio-a-los-intendentes-planificar-con-prudencia","status":"publish","type":"post","link":"https:\/\/politicapatagonica.com\/index.php\/2025\/10\/29\/el-gobernador-le-pidio-a-los-intendentes-planificar-con-prudencia\/","title":{"rendered":"El gobernador de La Pampa le pidi\u00f3 a los intendentes &#8220;planificar con prudencia&#8221;"},"content":{"rendered":"\n<p><strong>El gobernador Sergio Ziliotto reuni\u00f3 a los jefes comunales de toda la Provincia en el Sal\u00f3n de Acuerdos de Casa de Gobierno para compartir informaci\u00f3n econ\u00f3mica y anticipar las proyecciones del Presupuesto 2026<\/strong>. Y adelant\u00f3 que el proyecto ser\u00e1 enviado la semana pr\u00f3xima, &#8220;entre lunes y martes&#8221;.&nbsp;<\/p>\n\n\n\n<p>Durante el encuentro, traz\u00f3 un panorama de la situaci\u00f3n nacional, el d\u00e9ficit previsional y la ca\u00edda de la recaudaci\u00f3n y pidi\u00f3 a los municipios <strong>&#8220;planificar con prudencia&#8221; <\/strong>ante un escenario &#8220;sin se\u00f1ales de reactivaci\u00f3n&#8221;.&nbsp;&nbsp;<\/p>\n\n\n\n<p>&#8220;<strong>La idea es darles todos los datos que tenemos en virtud de los tiempos que vienen, en el cierre del a\u00f1o<\/strong>, donde todos tenemos el mayor gasto, pero tambi\u00e9n para que ustedes fijen un panorama de lo que va a ser el Presupuesto 2026. Ya estamos mandando el proyecto de ley Prespuesto a la C\u00e1mara, entre el lunes o martes&#8221; se\u00f1al\u00f3 el gobernador.&nbsp;<\/p>\n\n\n\n<p>Adem\u00e1s, <strong>Ziliotto afirm\u00f3 que &#8220;el objetivo de esta reuni\u00f3n es compartir informaci\u00f3n y que ustedes se saquen todas las dudas que tengan&#8221;.&nbsp;<\/strong><\/p>\n\n\n\n<p>Tras el informe del Gobernador, se produjo un productivo intercambio de consultas y respuestas entre el mandatario y los intendentes, quienes <strong>aprovecharon el encuentro para despejar distintas inquietudes respecto de la situaci\u00f3n econ\u00f3mica y financiera actual y la proyectada.<\/strong><\/p>\n\n\n\n<p><strong>Fuente: www.eldiariodelapampa.com.ar<\/strong><\/p>\n","protected":false},"excerpt":{"rendered":"<p>El gobernador Sergio Ziliotto reuni\u00f3 a los jefes comunales de toda la Provincia en el Sal\u00f3n de Acuerdos de Casa de Gobierno para compartir informaci\u00f3n econ\u00f3mica y anticipar las proyecciones del Presupuesto 2026. Y adelant\u00f3 que el proyecto ser\u00e1 enviado la semana pr\u00f3xima, &#8220;entre lunes y martes&#8221;.&nbsp; Durante el encuentro, traz\u00f3 un panorama de la [&hellip;]<\/p>\n","protected":false},"author":5,"featured_media":7977,"comment_status":"open","ping_status":"open","sticky":false,"template":"","format":"standard","meta":[],"categories":[10],"tags":[],"_links":{"self":[{"href":"https:\/\/politicapatagonica.com\/index.php\/wp-json\/wp\/v2\/posts\/7976"}],"collection":[{"href":"https:\/\/politicapatagonica.com\/index.php\/wp-json\/wp\/v2\/posts"}],"about":[{"href":"https:\/\/politicapatagonica.com\/index.php\/wp-json\/wp\/v2\/types\/post"}],"author":[{"embeddable":true,"href":"https:\/\/politicapatagonica.com\/index.php\/wp-json\/wp\/v2\/users\/5"}],"replies":[{"embeddable":true,"href":"https:\/\/politicapatagonica.com\/index.php\/wp-json\/wp\/v2\/comments?post=7976"}],"version-history":[{"count":2,"href":"https:\/\/politicapatagonica.com\/index.php\/wp-json\/wp\/v2\/posts\/7976\/revisions"}],"predecessor-version":[{"id":7987,"href":"https:\/\/politicapatagonica.com\/index.php\/wp-json\/wp\/v2\/posts\/7976\/revisions\/7987"}],"wp:featuredmedia":[{"embeddable":true,"href":"https:\/\/politicapatagonica.com\/index.php\/wp-json\/wp\/v2\/media\/7977"}],"wp:attachment":[{"href":"https:\/\/politicapatagonica.com\/index.php\/wp-json\/wp\/v2\/media?parent=7976"}],"wp:term":[{"taxonomy":"category","embeddable":true,"href":"https:\/\/politicapatagonica.com\/index.php\/wp-json\/wp\/v2\/categories?post=7976"},{"taxonomy":"post_tag","embeddable":true,"href":"https:\/\/politicapatagonica.com\/index.php\/wp-json\/wp\/v2\/tags?post=7976"}],"curies":[{"name":"wp","href":"https:\/\/api.w.org\/{rel}","templated":true}]}}