{"id":7973,"date":"2025-10-29T20:58:55","date_gmt":"2025-10-29T20:58:55","guid":{"rendered":"https:\/\/politicapatagonica.com\/?p=7973"},"modified":"2025-10-31T21:49:12","modified_gmt":"2025-10-31T21:49:12","slug":"torres-acompana-el-reclamo-por-la-restitucion-de-las-prestaciones-de-iosfa-y-garantizo-atencion-medica-a-los-afiliados","status":"publish","type":"post","link":"https:\/\/politicapatagonica.com\/index.php\/2025\/10\/29\/torres-acompana-el-reclamo-por-la-restitucion-de-las-prestaciones-de-iosfa-y-garantizo-atencion-medica-a-los-afiliados\/","title":{"rendered":"Torres acompa\u00f1a el reclamo por la restituci\u00f3n de las prestaciones de IOSFA y garantiz\u00f3 atenci\u00f3n m\u00e9dica a los afiliados"},"content":{"rendered":"\n<p><strong>El gobernador Ignacio \u201cNacho\u201d Torres mantuvo una reuni\u00f3n con personal de la Base Aeronaval Almirante Zar de Trelew,<\/strong> en representaci\u00f3n de los afiliados del Instituto de <strong>Obra Social de las Fuerzas Armadas y de Seguridad (IOSFA) de toda la provincia <\/strong>-que incluye a integrantes de Gendarmer\u00eda, Prefectura, Ej\u00e9rcito, Fuerza A\u00e9rea y Armada-, quienes atraviesan una cr\u00edtica situaci\u00f3n ante el corte total de prestaciones por parte de la obra social.<\/p>\n\n\n\n<p>Del encuentro <strong>tambi\u00e9n particip\u00f3 la diputada nacional Ana Clara Romero<\/strong>, quien viene acompa\u00f1ando esta problem\u00e1tica y llevando el reclamo de los afiliados al Congreso Nacional.<\/p>\n\n\n\n<p>Durante la reuni\u00f3n el mandatario provincial expres\u00f3 su acompa\u00f1amiento y<strong> se comprometi\u00f3 a impulsar gestiones tanto en el \u00e1mbito judicial como ante el Congreso y el Poder Ejecutivo Nacional,<\/strong> con el objetivo de exigir la restituci\u00f3n de las coberturas m\u00e9dicas y garantizar que los afiliados de las fuerzas federales reciban la atenci\u00f3n que les corresponde.<\/p>\n\n\n\n<p>El gobernador garantiz\u00f3 la atenci\u00f3n de los afiliados en el sistema p\u00fablico de salud provincial mientras se gestiona la resoluci\u00f3n del conflicto, para<strong> asegurar la continuidad de la asistencia m\u00e9dica en todo el territorio.<\/strong><\/p>\n\n\n\n<p>Cabe recordar que<strong> IOSFA es una obra social de car\u00e1cter nacional,<\/strong> dependiente del Ministerio de Defensa de la Naci\u00f3n, y que el corte total de prestaciones que atraviesan sus afiliados en Chubut se debe a la falta de respuestas y regularizaci\u00f3n por parte de ese organismo.<\/p>\n\n\n\n<p>Posteriormente se realiz\u00f3 una reuni\u00f3n encabezada por el ministro de Gobierno, Victoriano Eraso Parodi, junto al Defensor P\u00fablico Federal, David Chassagnade, y la secretaria de Salud de la Provincia, Denise Acosta, con la participaci\u00f3n de representantes de las Fuerzas Armadas y de Seguridad Federales.<\/p>\n\n\n\n<p>Durante este encuentro <strong>se avanz\u00f3 en la definici\u00f3n de una estrategia com\u00fan para llevar adelante el reclamo por la restituci\u00f3n de las prestaciones de IOSFA,<\/strong> y se ratific\u00f3 el compromiso del Gobierno del Chubut de acompa\u00f1ar institucionalmente a los afiliados en esta situaci\u00f3n cr\u00edtica.<\/p>\n\n\n\n<p><strong>\u201cEstamos hablando de cuidar a quienes nos cuidan, de garantizar que los miembros de las fuerzas federales y sus familias tengan la atenci\u00f3n que merecen, m\u00e1s all\u00e1 de cualquier decisi\u00f3n administrativa nacional\u201d, <\/strong>expres\u00f3 el ministro Victoriano Eraso Parodi, tras la reuni\u00f3n.<\/p>\n\n\n\n<p><strong>Fuente: www.elchubut.com.ar<\/strong><\/p>\n\n\n\n<p><strong>Fuente: www.elchubut.com.ar<\/strong><\/p>\n","protected":false},"excerpt":{"rendered":"<p>El gobernador Ignacio \u201cNacho\u201d Torres mantuvo una reuni\u00f3n con personal de la Base Aeronaval Almirante Zar de Trelew, en representaci\u00f3n de los afiliados del Instituto de Obra Social de las Fuerzas Armadas y de Seguridad (IOSFA) de toda la provincia -que incluye a integrantes de Gendarmer\u00eda, Prefectura, Ej\u00e9rcito, Fuerza A\u00e9rea y Armada-, quienes atraviesan una [&hellip;]<\/p>\n","protected":false},"author":5,"featured_media":7974,"comment_status":"open","ping_status":"open","sticky":false,"template":"","format":"standard","meta":[],"categories":[14],"tags":[],"_links":{"self":[{"href":"https:\/\/politicapatagonica.com\/index.php\/wp-json\/wp\/v2\/posts\/7973"}],"collection":[{"href":"https:\/\/politicapatagonica.com\/index.php\/wp-json\/wp\/v2\/posts"}],"about":[{"href":"https:\/\/politicapatagonica.com\/index.php\/wp-json\/wp\/v2\/types\/post"}],"author":[{"embeddable":true,"href":"https:\/\/politicapatagonica.com\/index.php\/wp-json\/wp\/v2\/users\/5"}],"replies":[{"embeddable":true,"href":"https:\/\/politicapatagonica.com\/index.php\/wp-json\/wp\/v2\/comments?post=7973"}],"version-history":[{"count":1,"href":"https:\/\/politicapatagonica.com\/index.php\/wp-json\/wp\/v2\/posts\/7973\/revisions"}],"predecessor-version":[{"id":7975,"href":"https:\/\/politicapatagonica.com\/index.php\/wp-json\/wp\/v2\/posts\/7973\/revisions\/7975"}],"wp:featuredmedia":[{"embeddable":true,"href":"https:\/\/politicapatagonica.com\/index.php\/wp-json\/wp\/v2\/media\/7974"}],"wp:attachment":[{"href":"https:\/\/politicapatagonica.com\/index.php\/wp-json\/wp\/v2\/media?parent=7973"}],"wp:term":[{"taxonomy":"category","embeddable":true,"href":"https:\/\/politicapatagonica.com\/index.php\/wp-json\/wp\/v2\/categories?post=7973"},{"taxonomy":"post_tag","embeddable":true,"href":"https:\/\/politicapatagonica.com\/index.php\/wp-json\/wp\/v2\/tags?post=7973"}],"curies":[{"name":"wp","href":"https:\/\/api.w.org\/{rel}","templated":true}]}}