{"id":7957,"date":"2025-10-28T21:17:52","date_gmt":"2025-10-28T21:17:52","guid":{"rendered":"https:\/\/politicapatagonica.com\/?p=7957"},"modified":"2025-10-29T17:15:55","modified_gmt":"2025-10-29T17:15:55","slug":"la-libertad-avanza-ya-organiza-equipos-tecnicos","status":"publish","type":"post","link":"https:\/\/politicapatagonica.com\/index.php\/2025\/10\/28\/la-libertad-avanza-ya-organiza-equipos-tecnicos\/","title":{"rendered":"Tras los buenos resultados en las elecciones legislativas, La Libertad Avanza ya organiza equipos t\u00e9cnicos en Tierra del Fuego"},"content":{"rendered":"\n<p>Uno de los principales <strong>operadores<\/strong> <strong>pol\u00edticos<\/strong> <strong>de<\/strong> <strong>La<\/strong> <strong>Libertad<\/strong> <strong>Avanza<\/strong> en Tierra del Fuego, <strong>Mariano<\/strong> <strong>Delucca<\/strong>, confirm\u00f3 que el espacio comenz\u00f3 a organizar <strong>equipos<\/strong> <strong>t\u00e9cnicos<\/strong> para distintas \u00e1reas de gesti\u00f3n y que ya existen conversaciones avanzadas con dirigentes de otros espacios para conformar un <strong>bloque<\/strong> <strong>legislativo<\/strong> m\u00e1s amplio en la provincia. <\/p>\n\n\n\n<p>Asegur\u00f3 que las elecciones nacionales representaron <strong>un<\/strong> <strong>punto<\/strong> <strong>de<\/strong> <strong>quiebre<\/strong> <strong>en<\/strong> <strong>el<\/strong> <strong>mapa<\/strong> <strong>pol\u00edtico<\/strong> <strong>fueguino<\/strong> y que ahora el desaf\u00edo es consolidar \u201cuna estructura moderna, con formaci\u00f3n t\u00e9cnica y propuestas concretas\u201d, asegur\u00f3.<\/p>\n\n\n\n<p>Seg\u00fan precis\u00f3, La Libertad Avanza dise\u00f1\u00f3 \u00e1reas de trabajo en salud, econom\u00eda, desarrollo social, producci\u00f3n y educaci\u00f3n, con vistas a un futuro <strong>desembarco<\/strong> <strong>en el<\/strong> <strong>Ejecutivo<\/strong> <strong>provincial<\/strong> o municipal. \u201cNo podemos improvisar. Ya hay equipos armados y listos para asumir funciones cuando toque\u201d, indic\u00f3. Y agreg\u00f3 que la convocatoria sigue abierta para incorporar nuevos perfiles t\u00e9cnicos y dirigentes que compartan \u201cla l\u00f3gica de gesti\u00f3n del siglo XXI\u201d.<\/p>\n\n\n\n<p>Delucca tambi\u00e9n adelant\u00f3 que se est\u00e1n manteniendo reuniones con <strong>legisladores<\/strong> <strong>y<\/strong> <strong>referentes<\/strong> <strong>de<\/strong> <strong>otros<\/strong> <strong>espacios<\/strong> para definir la integraci\u00f3n de un bloque conjunto. Aunque no mencion\u00f3 nombres, reconoci\u00f3 la posibilidad de acuerdos con figuras que est\u00e1n en la Legislatura. \u201cNo hay nada firmado, pero s\u00ed una voluntad clara de ampliar la representaci\u00f3n parlamentaria. El frente electoral funcion\u00f3; ahora hay que construir un frente legislativo\u201d, remarc\u00f3.<\/p>\n\n\n\n<p>Respecto a los resultados de las elecciones del domingo, consider\u00f3 que marcaron \u201cuna fractura real con el sistema pol\u00edtico tradicional\u201d. Celebr\u00f3 la elecci\u00f3n de <strong>Agust\u00edn<\/strong> <strong>Coto<\/strong>\u00a0y <strong>Bel\u00e9n<\/strong> <strong>Montes<\/strong> <strong>de<\/strong> <strong>Oca<\/strong> como senadores por Tierra del Fuego, y subray\u00f3 el peso territorial del resultado: \u201cGanamos en Ushuaia, Tolhuin y R\u00edo Grande. No es un dato menor, es el reflejo de un trabajo sostenido\u201d, afirm\u00f3. Tambi\u00e9n admiti\u00f3 que en R\u00edo Grande la diferencia fue menor a la esperada, lo que atribuy\u00f3 a la falta de representantes propios en ese distrito.<\/p>\n\n\n\n<p>Delucca sostuvo que la estrategia electoral se apoy\u00f3 en tres ejes: formaci\u00f3n, responsabilidad y apertura. \u201cLas personas que se suman tienen que tener propuestas, preparaci\u00f3n y vocaci\u00f3n real de transformar\u201d, expres\u00f3. Adem\u00e1s, insisti\u00f3 en que el espacio no busca repetir viejas estructuras pol\u00edticas, \u201chay una sociedad cansada del oportunismo. Nosotros queremos otra cosa\u201d, resalt\u00f3.<\/p>\n\n\n\n<p>En relaci\u00f3n a su rol como <strong>jefe<\/strong> <strong>de<\/strong> <strong>ANSES<\/strong> en la provincia, asegur\u00f3 que el organismo funcion\u00f3 sin interferencias partidarias y destac\u00f3 el profesionalismo del personal. Anunci\u00f3 que esta semana se terminan de pagar las libretas de la AUH y que los pr\u00f3ximos aumentos se definir\u00e1n por inflaci\u00f3n. Tambi\u00e9n inform\u00f3 que est\u00e1n trabajando en informes estad\u00edsticos para dejar documentada la situaci\u00f3n del sistema previsional local.<\/p>\n\n\n\n<p>Por \u00faltimo, adelant\u00f3 que los senadores electos impulsar\u00e1n proyectos vinculados a boleta \u00fanica, urbanismo e impuestos. Si no se aprueban antes del fin de mandato, ser\u00e1n retomados por los sucesores del espacio. \u201cNo venimos a ocupar bancas, venimos a presentar propuestas claras y ejecutables\u201d, concluy\u00f3.<\/p>\n\n\n\n<p><strong>Fuente: www.eldiariodelfindelmundo.com<\/strong><a href=\"https:\/\/www.eldiariodelfindelmundo.com\/noticias\/2025\/10\/28\/113322-la-libertad-avanza-ya-organiza-equipos-tecnicos#\"><\/a><\/p>\n","protected":false},"excerpt":{"rendered":"<p>Uno de los principales operadores pol\u00edticos de La Libertad Avanza en Tierra del Fuego, Mariano Delucca, confirm\u00f3 que el espacio comenz\u00f3 a organizar equipos t\u00e9cnicos para distintas \u00e1reas de gesti\u00f3n y que ya existen conversaciones avanzadas con dirigentes de otros espacios para conformar un bloque legislativo m\u00e1s amplio en la provincia. Asegur\u00f3 que las elecciones [&hellip;]<\/p>\n","protected":false},"author":5,"featured_media":7958,"comment_status":"open","ping_status":"open","sticky":false,"template":"","format":"standard","meta":[],"categories":[11],"tags":[],"_links":{"self":[{"href":"https:\/\/politicapatagonica.com\/index.php\/wp-json\/wp\/v2\/posts\/7957"}],"collection":[{"href":"https:\/\/politicapatagonica.com\/index.php\/wp-json\/wp\/v2\/posts"}],"about":[{"href":"https:\/\/politicapatagonica.com\/index.php\/wp-json\/wp\/v2\/types\/post"}],"author":[{"embeddable":true,"href":"https:\/\/politicapatagonica.com\/index.php\/wp-json\/wp\/v2\/users\/5"}],"replies":[{"embeddable":true,"href":"https:\/\/politicapatagonica.com\/index.php\/wp-json\/wp\/v2\/comments?post=7957"}],"version-history":[{"count":3,"href":"https:\/\/politicapatagonica.com\/index.php\/wp-json\/wp\/v2\/posts\/7957\/revisions"}],"predecessor-version":[{"id":7970,"href":"https:\/\/politicapatagonica.com\/index.php\/wp-json\/wp\/v2\/posts\/7957\/revisions\/7970"}],"wp:featuredmedia":[{"embeddable":true,"href":"https:\/\/politicapatagonica.com\/index.php\/wp-json\/wp\/v2\/media\/7958"}],"wp:attachment":[{"href":"https:\/\/politicapatagonica.com\/index.php\/wp-json\/wp\/v2\/media?parent=7957"}],"wp:term":[{"taxonomy":"category","embeddable":true,"href":"https:\/\/politicapatagonica.com\/index.php\/wp-json\/wp\/v2\/categories?post=7957"},{"taxonomy":"post_tag","embeddable":true,"href":"https:\/\/politicapatagonica.com\/index.php\/wp-json\/wp\/v2\/tags?post=7957"}],"curies":[{"name":"wp","href":"https:\/\/api.w.org\/{rel}","templated":true}]}}