{"id":7927,"date":"2025-10-24T21:25:56","date_gmt":"2025-10-24T21:25:56","guid":{"rendered":"https:\/\/politicapatagonica.com\/?p=7927"},"modified":"2025-10-24T21:25:57","modified_gmt":"2025-10-24T21:25:57","slug":"masivo-cierre-de-campana-de-fuerza-patria","status":"publish","type":"post","link":"https:\/\/politicapatagonica.com\/index.php\/2025\/10\/24\/masivo-cierre-de-campana-de-fuerza-patria\/","title":{"rendered":"Masivo cierre de campa\u00f1a de Fuerza Patria"},"content":{"rendered":"\n<p><br>Encabezaron la actividad los <strong>principales candidatos del espacio, Cristina L\u00f3pez y Agust\u00edn Tita, junto al gobernador Gustavo Melella, dirigentes electos y referentes de toda la provincia.<\/strong> En un clima de entusiasmo y unidad, la marcha se desarroll\u00f3 como un acto de cierre y movilizaci\u00f3n de cara a las elecciones del domingo.<\/p>\n\n\n\n<p>Antes del inicio, se <strong>transmiti\u00f3 un mensaje de la ex presidenta Cristina Fern\u00e1ndez de Kirchner, quien envi\u00f3 un saludo junto al llamado a \u201cponer un freno a las pol\u00edticas de ajuste del gobierno de Milei y defender la producci\u00f3n nacional, el empleo, la soberan\u00eda y el futuro de nuestra provincia\u201d.<\/strong><\/p>\n\n\n\n<p>Durante la caminata, <strong>se destacaron consignas a favor del r\u00e9gimen industrial, la defensa de los recursos naturales y el desarrollo con inclusi\u00f3n, en un ambiente festivo donde las banderas y c\u00e1nticos reflejaron la adhesi\u00f3n popular al espacio.<\/strong><\/p>\n\n\n\n<p><strong>Melella llam\u00f3 a \u201cdefender la industria y los derechos\u201d<\/strong><\/p>\n\n\n\n<p>En su discurso<strong>, Melella llam\u00f3 a \u201cno bajar los brazos\u201d y pidi\u00f3 \u201cseguir caminando y buscando voto por voto para frenar el ajuste que cae sobre los jubilados, la educaci\u00f3n, la salud y la industria\u201d.<\/strong><\/p>\n\n\n\n<p>Entendi\u00f3 adem\u00e1s que las elecciones del pr\u00f3ximo domingo \u201cno son una elecci\u00f3n m\u00e1s\u201d y llam\u00f3 a los fueguinos a votar \u201ccon fuerza y convicci\u00f3n\u201d para <strong>defender \u201cla industria nacional, los derechos de los trabajadores y la soberan\u00eda\u201d.<\/strong><\/p>\n\n\n\n<p>En ese sentido, agreg\u00f3 que &#8220;este domingo si queremos a la Argentina, a Tierra del Fuego, a nuestros jubilados, a nuestros j\u00f3venes, a la educaci\u00f3n y la salud, a las personas con discapacidad y defender nuestros derechos, tenemos que votar a Fuerza Patria, lista 503&#8221;.<\/p>\n\n\n\n<p>La movilizaci\u00f3n de <strong>Fuerza Patria fue encabezada por el mandatario provincial, quien march\u00f3 junto a la f\u00f3rmula a senadores, Cristina L\u00f3pez y Federico Runin,\u00a0 y a diputados nacionales, Agust\u00edn Tita y Paola Mancilla,\u00a0 <\/strong>acompa\u00f1ados de militantes que, con banderas y c\u00e1nticos, expresaron su contundente respaldo al proyecto pol\u00edtico.<\/p>\n\n\n\n<p>\u201cHoy m\u00e1s que nunca, frente a la Argentina, tenemos que definir qu\u00e9 Tierra del Fuego queremos.<strong> El domingo no se elige simplemente entre dos candidatos, se elige entre dos modelos de pa\u00eds y de provincia\u201d, afirm\u00f3 Melella con firmeza.<\/strong><\/p>\n\n\n\n<p>En la oportunidad, adem\u00e1s Melella se\u00f1al\u00f3 que el pa\u00eds \u201cse juega entre dos modelos opuestos\u201d: uno \u201cque defiende la producci\u00f3n y la inclusi\u00f3n\u201d, y otro que \u201cusa la motosierra para cortar derechos y esperanzas\u201d.<\/p>\n\n\n\n<p>El Gobernador cuestion\u00f3 las reformas laborales impulsadas por el oficialismo nacional y pidi\u00f3 a los trabajadores fueguinos \u201cun voto \u00fatil y fuerte\u201d. Seg\u00fan afirm\u00f3<strong>, \u201clos \u00fanicos que hoy le hacen frente al gobierno de Milei son Fuerza Patria, en las urnas y en el Congreso\u201d.<\/strong><\/p>\n\n\n\n<p>El mandatario advirti\u00f3 sobre los efectos de las pol\u00edticas nacionales en la econom\u00eda provincial. \u201cPodemos perder 5.000 puestos de trabajo en la industria tecnol\u00f3gica en diciembre por una pol\u00edtica de Javier Milei. Los textiles pierden empleos todos los d\u00edas y hay f\u00e1bricas que ya cerraron. No hay otro responsable\u201d, sostuvo.<\/p>\n\n\n\n<p>Finalmente, el m\u00e1ximo referente provincial de FORJA, reiter\u00f3 su llamado a la unidad del campo popular de cara a las pr\u00f3ximas etapas pol\u00edticas. \u201cEl 27 vamos a construir con todos: con Cristina, con Paola, con Walter, con Fede, con Pino, con Miriam. La unidad est\u00e1 por encima de todos\u201d, concluy\u00f3.<br>\u201cEl domingo hay dos modelos de pa\u00eds: Milei con La Libertad Avanza o Fuerza Patria\u201d, afirm\u00f3<strong>. \u201cLos \u00fanicos que defendieron los derechos laborales en el Congreso fueron nuestros senadores y diputados\u201d, <\/strong>subray\u00f3.<\/p>\n\n\n\n<p><strong>La candidata a senadora\u00a0Cristina L\u00f3pez\u00a0agradeci\u00f3 el compromiso de la militancia y sostuvo que \u201ctodos juntos debemos ponerle un freno a Milei y salir a festejar porque Fuerza Patria va a ganar en las urnas\u201d.<\/strong><\/p>\n\n\n\n<p>Por su parte,\u00a0<strong>Federico Runin<\/strong>, tambi\u00e9n candidato a senador, destac\u00f3 que \u201cla campa\u00f1a se hizo desde el coraz\u00f3n, recorriendo todos los barrios y escuchando a la gente\u201d, y advirti\u00f3 que <strong>\u201cla provincia sufre las consecuencias del ajuste nacional con obras paralizadas e industria golpeada\u201d.<\/strong><\/p>\n\n\n\n<p>El candidato a diputado\u00a0<strong>Agust\u00edn Tita<\/strong>\u00a0llam\u00f3 a \u201creflexionar sobre el pa\u00eds que queremos\u201d, mientras que Paola Mancilla, postulante a diputada, asegur\u00f3 que \u201cFuerza Patria es el pueblo fueguino que le va a poner un freno a Milei\u201d e inst\u00f3 a \u201chablar con la gente hasta el \u00faltimo minuto, porque <strong>cada voto cuenta\u201d.<\/strong><\/p>\n\n\n\n<p><strong>Fuente: www.eldiariodelfindelmundo.com<\/strong><\/p>\n","protected":false},"excerpt":{"rendered":"<p>Encabezaron la actividad los principales candidatos del espacio, Cristina L\u00f3pez y Agust\u00edn Tita, junto al gobernador Gustavo Melella, dirigentes electos y referentes de toda la provincia. En un clima de entusiasmo y unidad, la marcha se desarroll\u00f3 como un acto de cierre y movilizaci\u00f3n de cara a las elecciones del domingo. Antes del inicio, se [&hellip;]<\/p>\n","protected":false},"author":5,"featured_media":7928,"comment_status":"open","ping_status":"open","sticky":false,"template":"","format":"standard","meta":[],"categories":[11],"tags":[],"_links":{"self":[{"href":"https:\/\/politicapatagonica.com\/index.php\/wp-json\/wp\/v2\/posts\/7927"}],"collection":[{"href":"https:\/\/politicapatagonica.com\/index.php\/wp-json\/wp\/v2\/posts"}],"about":[{"href":"https:\/\/politicapatagonica.com\/index.php\/wp-json\/wp\/v2\/types\/post"}],"author":[{"embeddable":true,"href":"https:\/\/politicapatagonica.com\/index.php\/wp-json\/wp\/v2\/users\/5"}],"replies":[{"embeddable":true,"href":"https:\/\/politicapatagonica.com\/index.php\/wp-json\/wp\/v2\/comments?post=7927"}],"version-history":[{"count":1,"href":"https:\/\/politicapatagonica.com\/index.php\/wp-json\/wp\/v2\/posts\/7927\/revisions"}],"predecessor-version":[{"id":7929,"href":"https:\/\/politicapatagonica.com\/index.php\/wp-json\/wp\/v2\/posts\/7927\/revisions\/7929"}],"wp:featuredmedia":[{"embeddable":true,"href":"https:\/\/politicapatagonica.com\/index.php\/wp-json\/wp\/v2\/media\/7928"}],"wp:attachment":[{"href":"https:\/\/politicapatagonica.com\/index.php\/wp-json\/wp\/v2\/media?parent=7927"}],"wp:term":[{"taxonomy":"category","embeddable":true,"href":"https:\/\/politicapatagonica.com\/index.php\/wp-json\/wp\/v2\/categories?post=7927"},{"taxonomy":"post_tag","embeddable":true,"href":"https:\/\/politicapatagonica.com\/index.php\/wp-json\/wp\/v2\/tags?post=7927"}],"curies":[{"name":"wp","href":"https:\/\/api.w.org\/{rel}","templated":true}]}}